{"id":47432,"date":"2020-04-27T16:17:52","date_gmt":"2020-04-27T15:17:52","guid":{"rendered":"https:\/\/www.plumeseconomiques.com\/fr\/?p=47432"},"modified":"2020-04-27T16:42:22","modified_gmt":"2020-04-27T15:42:22","slug":"hy-gene-la-nouvelle-creation-made-in-tunisia-pour-une-reprise-en-toute-securite-du-travail","status":"publish","type":"post","link":"https:\/\/plumeseconomiques.com\/fr\/communique\/hy-gene-la-nouvelle-creation-made-in-tunisia-pour-une-reprise-en-toute-securite-du-travail\/","title":{"rendered":"Hy-G\u00eane : la nouvelle cr\u00e9ation Made in Tunisia pour une reprise en toute s\u00e9curit\u00e9 du travail"},"content":{"rendered":"<p style=\"text-align: justify;\"><strong>Hy-G\u00eane : l<\/strong><strong>a nouvelle cr\u00e9ation Made in Tunisia pour une reprise en toute s\u00e9curit\u00e9 du travail<\/strong><\/p>\n<p style=\"text-align: justify;\">La pand\u00e9mie engendr\u00e9e par le virus COVID19 a eu des effets d\u00e9sastreux en vie humaine\u00a0 et a touch\u00e9\u00a0 de plein fouet les \u00e9conomies des pays.<\/p>\n<p style=\"text-align: justify;\">Mais en Tunisie et pleine crise un \u00e9norme \u00e9lan de solidarit\u00e9 c\u2019est d\u00e9gag\u00e9 afin entre autre de mettre en commun les forces vive de chacun pour lutter contre ce fl\u00e9au avec l\u2019ouverture de la boite de Pandore mais une boite non pas empli de catastrophes mais ben et bien d\u2019ing\u00e9niosit\u00e9, d\u2019inventivit\u00e9, de cr\u00e9ativit\u00e9, de technicit\u00e9 \u2026<\/p>\n<p style=\"text-align: justify;\">Nous avons vu des \u00e9tudiants, enseignants, chercheurs, ing\u00e9nieurs, techniciens, laborantins\u2026mettre au poinds des solutions pratiques et efficaces 100 Made in Tunisia pour aider notre pays \u00e0 l\u2019instar des masque de protection, des appareils de respiratoires en 3D, des\u00a0lits, postes m\u00e9dicaux avanc\u00e9s, des drones intelligents, des robots pour faire respecter le confinement.<\/p>\n<p style=\"text-align: justify;\"><a title=\"La soci\u00e9t\u00e9 Alluco\" href=\"http:\/\/www.alluco.com\">La soci\u00e9t\u00e9 Alluco<\/a>, gammiste en aluminium avec la menuiserie aluminium Siboall ont r\u00e9pondu \u00e0 l\u2019appel de leurs partenaires industriels, commerciales\u00a0 et administratifs afin de leur proposer un tunnel de d\u00e9sinfection robuste, efficace et \u00e9conomique afin de leur permettre une reprise de leurs activit\u00e9s en toute s\u00e9curit\u00e9.<\/p>\n<p style=\"text-align: justify;\">Apr\u00e8s 10 jours de recherche et de d\u00e9veloppement, l\u2019\u00e9quipe d\u2019Alluco a r\u00e9ussi \u00e0 fournir une cabine\u00a0 mobile de d\u00e9sinfection\u00a0 100% de conception tunisienne et r\u00e9pondant aux normes internationales et nomm\u00e9 \u00ab\u00a0Hy-g\u00eane\u00a0\u00bb.<\/p>\n<p style=\"text-align: justify;\"><strong>Hy-g\u00eane est autre compos\u00e9\u00a0:<\/strong><\/p>\n<ul style=\"text-align: justify;\">\n<li>D\u2019un syst\u00e8me de n\u00e9bulisation (vapeur) qui est connect\u00e9 \u00e0 un syst\u00e8me de contr\u00f4le permet un m\u00e9lange automatiquement d\u2019un produit (le ANK, approuv\u00e9 par le Minist\u00e8re Tunisien de la sant\u00e9) d\u00e9sinfectant \u00e0 360\u00b0<br \/>\u2022 D\u2019un d\u00e9tecteur de mouvement qui d\u00e9clenche automatiquement le syst\u00e8me de la d\u00e9sinfection lors de l\u2019acc\u00e8s au tunnel.<br \/>\u2022 D\u2019un thermom\u00e8tre mural digital indiquant la temp\u00e9rature corporelle avec d\u00e9clenchement d\u2019une alarme en cas de temp\u00e9rature sup\u00e9rieure \u00e0 38\u00b0<br \/>\u2022 D\u2019un distributaire automatique de gel d\u00e9sinfectant<\/li>\n<\/ul>\n<p style=\"text-align: justify;\">La structure est compos\u00e9e de verre Securit, de rideau laminaire, de lames et profil\u00e9s en aluminium.<\/p>\n<p style=\"text-align: justify;\">Avec un temps de passage moyen par personne dans le tunnel de 5 secondes, Hy-g\u00eane va pouvoir \u00eatre install\u00e9 entre autre \u00e0 l\u2019entr\u00e9e des usines, h\u00f4pitaux, administrations, grande surface, lieux de loisirs et de divertissements, h\u00f4tels\u2026 ou tout autre \u00e9tablissement \u00e0 grande fr\u00e9quentation.\u00ab Hy-g\u00eane \u00bb est \u00e9galement munie d\u2019une rampe pour faciliter l\u2019acc\u00e8s pour les personnes \u00e0 mobilit\u00e9 r\u00e9duite.<\/p>\n<p style=\"text-align: justify;\">Garnatie 5 ans, Hy-g\u00eane ne n\u00e9cessite aucun entretien. Toutes les pi\u00e8ces de rechanges sont disponibles et facilement interchangeables en cas de dommages.<\/p>\n<p style=\"text-align: justify;\">L\u2019objectif affich\u00e9\u00a0: \u00ab\u00a0Offrir un cadre de Travail &amp; de Vie sain &amp; s\u00e9curis\u00e9\u00a0\u00bb<\/p>\n<div class=\"better-gallery-container\"><div id=\"gallery-310341754\" class=\"better-gallery  better-gallery-img-publisher-lg\" data-gallery-id=\"310341754\"><div class=\"gallery-title clearfix\"><h3 class=\"main-title\">Hy-G\u00eane : la nouvelle cr\u00e9ation Made in Tunisia pour une reprise en toute s\u00e9curit\u00e9 du travail<\/h3>    <span class=\"prev\"><i class=\"fa fa-angle-left\"><\/i> pr\u00e9c\u00e9dent<\/span>\n                    <span class=\"count\"><i class=\"current\">1<\/i> De <i class=\"total\">5<\/i><\/span>\n                    <span class=\"next\">Suivant <i class=\"fa fa-angle-right\"><\/i><\/span>\n                <\/div> <div class=\"fotorama\" data-nav=\"thumbs\" data-auto=\"false\" data-ratio=\"16\/7\"><div data-thumb=\"https:\/\/www.plumeseconomiques.com\/fr\/wp-content\/uploads\/2020\/04\/Hy-G\u00eane-3-150x150.jpg\">\n                        <a href=\"https:\/\/www.plumeseconomiques.com\/fr\/wp-content\/uploads\/2020\/04\/Hy-G\u00eane-3.jpg\" class=\"slide-link\" data-not-rel=\"true\">\n                            <img decoding=\"async\"  data-id=\"47440\" src=\"https:\/\/www.plumeseconomiques.com\/fr\/wp-content\/uploads\/2020\/04\/Hy-G\u00eane-3.jpg\">\n                        <\/a>\n                    <div class=\"slide-title-wrap\"><\/div><\/div><div data-thumb=\"https:\/\/www.plumeseconomiques.com\/fr\/wp-content\/uploads\/2020\/04\/Hy-G\u00eane-2-150x150.jpg\">\n                        <a href=\"https:\/\/www.plumeseconomiques.com\/fr\/wp-content\/uploads\/2020\/04\/Hy-G\u00eane-2.jpg\" class=\"slide-link\" data-not-rel=\"true\">\n                            <img decoding=\"async\"  data-id=\"47439\" src=\"https:\/\/www.plumeseconomiques.com\/fr\/wp-content\/uploads\/2020\/04\/Hy-G\u00eane-2.jpg\">\n                        <\/a>\n                    <div class=\"slide-title-wrap\"><\/div><\/div><div data-thumb=\"https:\/\/www.plumeseconomiques.com\/fr\/wp-content\/uploads\/2020\/04\/Hy-G\u00eane-1-150x150.jpg\">\n                        <a href=\"https:\/\/www.plumeseconomiques.com\/fr\/wp-content\/uploads\/2020\/04\/Hy-G\u00eane-1.jpg\" class=\"slide-link\" data-not-rel=\"true\">\n                            <img decoding=\"async\"  data-id=\"47438\" src=\"https:\/\/www.plumeseconomiques.com\/fr\/wp-content\/uploads\/2020\/04\/Hy-G\u00eane-1.jpg\">\n                        <\/a>\n                    <div class=\"slide-title-wrap\"><\/div><\/div><div data-thumb=\"https:\/\/www.plumeseconomiques.com\/fr\/wp-content\/uploads\/2020\/04\/Hy-G\u00eane-150x150.jpg\">\n                        <a href=\"https:\/\/www.plumeseconomiques.com\/fr\/wp-content\/uploads\/2020\/04\/Hy-G\u00eane.jpg\" class=\"slide-link\" data-not-rel=\"true\">\n                            <img decoding=\"async\"  data-id=\"47437\" src=\"https:\/\/www.plumeseconomiques.com\/fr\/wp-content\/uploads\/2020\/04\/Hy-G\u00eane.jpg\">\n                        <\/a>\n                    <div class=\"slide-title-wrap\"><\/div><\/div><div data-thumb=\"https:\/\/www.plumeseconomiques.com\/fr\/wp-content\/uploads\/2020\/04\/Hy-g\u00eane-flyer-150x150.jpg\">\n                        <a href=\"https:\/\/www.plumeseconomiques.com\/fr\/wp-content\/uploads\/2020\/04\/Hy-g\u00eane-flyer.jpg\" class=\"slide-link\" data-not-rel=\"true\">\n                            <img decoding=\"async\" alt=\"Hy-G\u00eane : la nouvelle cr\u00e9ation Made in Tunisia pour une reprise en toute s\u00e9curit\u00e9 du travail\" data-id=\"47436\" src=\"https:\/\/www.plumeseconomiques.com\/fr\/wp-content\/uploads\/2020\/04\/Hy-g\u00eane-flyer-700x430.jpg\">\n                        <\/a>\n                    <div class=\"slide-title-wrap\"><\/div><\/div><\/div><\/div><script>var prt_gal_img_310341754 = [\"https:\\\/\\\/www.plumeseconomiques.com\\\/fr\\\/wp-content\\\/uploads\\\/2020\\\/04\\\/Hy-G\\u00eane-3.jpg\",\"https:\\\/\\\/www.plumeseconomiques.com\\\/fr\\\/wp-content\\\/uploads\\\/2020\\\/04\\\/Hy-G\\u00eane-2.jpg\",\"https:\\\/\\\/www.plumeseconomiques.com\\\/fr\\\/wp-content\\\/uploads\\\/2020\\\/04\\\/Hy-G\\u00eane-1.jpg\",\"https:\\\/\\\/www.plumeseconomiques.com\\\/fr\\\/wp-content\\\/uploads\\\/2020\\\/04\\\/Hy-G\\u00eane.jpg\",\"https:\\\/\\\/www.plumeseconomiques.com\\\/fr\\\/wp-content\\\/uploads\\\/2020\\\/04\\\/Hy-g\\u00eane-flyer.jpg\"]; var prt_gal_cap_310341754 = [\"\",\"\",\"\",\"\",\"\"]; <\/script><\/div>\n<p><strong>Lire aussi :<\/strong><\/p>\n<article class=\"post-39522 type-post format-standard has-post-thumbnail   listing-item listing-item-thumbnail listing-item-tb-1 main-term-none\">\n<div class=\"item-inner clearfix\">\n<h5 class=\"title\"><span style=\"color: #3366ff;\"><a class=\"post-url post-title\" style=\"color: #3366ff;\" href=\"https:\/\/www.plumeseconomiques.com\/fr\/non-classe\/Le-CTFEXPO-organise-7eme-Salon-de-la-promotion-immobiliere-et-de-la-finition-_-PRO-IMMO-2018-_-Du-04-au-08-Avril-2018\/\"> Le CTFEXPO organise 7\u00e8me Salon de la promotion immobili\u00e8re et\u2026 <\/a><\/span><\/h5>\n<\/div>\n<\/article>\n<article class=\"post-32151 type-post format-standard has-post-thumbnail   listing-item listing-item-thumbnail listing-item-tb-1 main-term-61\">\n<div class=\"item-inner clearfix\">\n<h5 class=\"title\"><span style=\"color: #3366ff;\"><a class=\"post-url post-title\" style=\"color: #3366ff;\" href=\"https:\/\/www.plumeseconomiques.com\/fr\/actualites\/news\/Hergla-voit-naitre-un-nouveau-projet-immobilier-Les-Terrasses-de-Hergl\/\"> Hergla voit na\u00eetre un nouveau projet immobilier : Les Terrasses\u2026 <\/a><\/span><\/h5>\n<\/div>\n<\/article>\n<article class=\"post-31670 type-post format-standard has-post-thumbnail   listing-item listing-item-thumbnail listing-item-tb-1 main-term-129\">\n<div class=\"item-inner clearfix\">\n<h5 class=\"title\"><span style=\"color: #3366ff;\"><a class=\"post-url post-title\" style=\"color: #3366ff;\" href=\"https:\/\/www.plumeseconomiques.com\/fr\/Dossier\/Les-promoteurs-immobiliers-rejettent-la-soumission-des-logements-a-une-TVA-de-19-dans-le-PLF2018\/\"> Les promoteurs immobiliers rejettent la soumission des\u2026 <\/a><\/span><\/h5>\n<\/div>\n<\/article>\n<article class=\"post-31555 type-post format-standard has-post-thumbnail   listing-item listing-item-thumbnail listing-item-tb-1 main-term-103\">\n<div class=\"item-inner clearfix\">\n<h5 class=\"title\"><span style=\"color: #3366ff;\"><a class=\"post-url post-title\" style=\"color: #3366ff;\" href=\"https:\/\/www.plumeseconomiques.com\/fr\/conso\/hi-tech\/Jumia-House-recompense-les-meilleures-performances-digitales-dans-le-domaine-de-l-immobilier\/\"> Jumia House r\u00e9compense les meilleures performances digitales\u2026 <\/a><\/span><\/h5>\n<\/div>\n<\/article>\n<article class=\"post-31535 type-post format-standard has-post-thumbnail   listing-item listing-item-thumbnail listing-item-tb-1 main-term-61\">\n<div class=\"item-inner clearfix\">\n<h5 class=\"title\"><span style=\"color: #3366ff;\"><a class=\"post-url post-title\" style=\"color: #3366ff;\" href=\"https:\/\/www.plumeseconomiques.com\/fr\/actualites\/news\/La-BIAT-accompagnera-Tawasol-Holding-dans-la-mise-en-place-de-sa-holding-immobilier\/\"> La BIAT accompagnera Tawasol Holding dans la mise en place de\u2026 <\/a><\/span><\/h5>\n<\/div>\n<\/article>\n<article class=\"post-31365 type-post format-standard has-post-thumbnail   listing-item listing-item-thumbnail listing-item-tb-1 main-term-61\">\n<div class=\"item-inner clearfix\">\n<h5 class=\"title\"><a class=\"post-url post-title\" href=\"https:\/\/www.plumeseconomiques.com\/fr\/actualites\/news\/Journee-nationale-de-la-promotion-immobiliere-le-10-mai-2017\/\"><span style=\"color: #3366ff;\"> Journ\u00e9e nationale de la promotion immobili\u00e8re le 10 mai 2017<\/span> <\/a><\/h5>\n<\/div>\n<\/article>\n\n","protected":false},"excerpt":{"rendered":"<p>Hy-G\u00eane : la nouvelle cr\u00e9ation Made in Tunisia pour une reprise en toute s\u00e9curit\u00e9 du travail La pand\u00e9mie engendr\u00e9e par le virus COVID19 a eu des effets d\u00e9sastreux en vie humaine\u00a0 et a touch\u00e9\u00a0 de plein fouet les \u00e9conomies des pays. Mais en Tunisie et pleine crise un \u00e9norme \u00e9lan de solidarit\u00e9 c\u2019est d\u00e9gag\u00e9 afin [&hellip;]<\/p>\n","protected":false},"author":1,"featured_media":47441,"comment_status":"open","ping_status":"open","sticky":false,"template":"","format":"standard","meta":{"_seopress_robots_primary_cat":"","_seopress_titles_title":"","_seopress_titles_desc":"","_seopress_robots_index":"","footnotes":""},"categories":[62],"tags":[3440,3504,3505],"class_list":{"0":"post-47432","1":"post","2":"type-post","3":"status-publish","4":"format-standard","5":"has-post-thumbnail","7":"category-communique","8":"tag-covid19","9":"tag-hy-gene","10":"tag-la-societe-alluco"},"_links":{"self":[{"href":"https:\/\/plumeseconomiques.com\/fr\/wp-json\/wp\/v2\/posts\/47432","targetHints":{"allow":["GET"]}}],"collection":[{"href":"https:\/\/plumeseconomiques.com\/fr\/wp-json\/wp\/v2\/posts"}],"about":[{"href":"https:\/\/plumeseconomiques.com\/fr\/wp-json\/wp\/v2\/types\/post"}],"author":[{"embeddable":true,"href":"https:\/\/plumeseconomiques.com\/fr\/wp-json\/wp\/v2\/users\/1"}],"replies":[{"embeddable":true,"href":"https:\/\/plumeseconomiques.com\/fr\/wp-json\/wp\/v2\/comments?post=47432"}],"version-history":[{"count":0,"href":"https:\/\/plumeseconomiques.com\/fr\/wp-json\/wp\/v2\/posts\/47432\/revisions"}],"wp:featuredmedia":[{"embeddable":true,"href":"https:\/\/plumeseconomiques.com\/fr\/wp-json\/wp\/v2\/media\/47441"}],"wp:attachment":[{"href":"https:\/\/plumeseconomiques.com\/fr\/wp-json\/wp\/v2\/media?parent=47432"}],"wp:term":[{"taxonomy":"category","embeddable":true,"href":"https:\/\/plumeseconomiques.com\/fr\/wp-json\/wp\/v2\/categories?post=47432"},{"taxonomy":"post_tag","embeddable":true,"href":"https:\/\/plumeseconomiques.com\/fr\/wp-json\/wp\/v2\/tags?post=47432"}],"curies":[{"name":"wp","href":"https:\/\/api.w.org\/{rel}","templated":true}]}}