{"id":46214,"date":"2019-12-23T15:55:20","date_gmt":"2019-12-23T14:55:20","guid":{"rendered":"https:\/\/www.plumeseconomiques.com\/fr\/?p=46214"},"modified":"2019-12-23T15:57:35","modified_gmt":"2019-12-23T14:57:35","slug":"asus-annonce-le-lancement-en-tunisie-de-leurs-dernieres-innovations-zenbook-a-2-ecrans","status":"publish","type":"post","link":"https:\/\/plumeseconomiques.com\/fr\/conso\/hi-tech\/asus-annonce-le-lancement-en-tunisie-de-leurs-dernieres-innovations-zenbook-a-2-ecrans\/","title":{"rendered":"Asus annonce le lancement en Tunisie\u00a0de leurs derni\u00e8res innovations ZenBook \u00e0 2 \u00e9crans"},"content":{"rendered":"<p style=\"text-align: justify;\"><span style=\"color: #000000;\"><strong>Asus annonce le lancement en Tunisie de leurs derni\u00e8res innovations ZenBook \u00e0 2 \u00e9crans<\/strong><\/span><\/p>\n<p style=\"text-align: justify;\"><span style=\"color: #000000;\"><em>Con\u00e7us pour favoriser le multit\u00e2che, ces deux ultraportables r\u00e9volutionnaires sont dot\u00e9s d\u2019un \u00e9cran secondaire\u00a0: le ScreenPad<\/em><em>&#x2122; 2.0 de 5,65 pouces et le ScreenPad&#x2122; Plus de 12,6 pouces.<\/em><\/span><span style=\"color: #000000;\"><em>\u00a0<\/em><\/span><\/p>\n<p style=\"text-align: justify;\"><span style=\"color: #000000;\"><strong>Asus et son partenaire Intel \u00a0viennent d\u2019annoncer, le lancement en Tunisie\u00a0de leurs toutes derni\u00e8res innovations \u00e0 2 \u00e9crans: \u00e0 savoir le ZenBook Duo (UX481) et le ZenBook 14 (UX434). <\/strong><\/span><\/p>\n<p style=\"text-align: justify;\"><span style=\"color: #000000;\">Il s&rsquo;agit pour le ZenBook Duo du premier PC portable au monde avec ScreenPad qui offre une nouvelle exp\u00e9rience d&rsquo;utilisation pour une cr\u00e9ativit\u00e9 \u00e9tendue. Tandis que pour le ZenBook 14, il s&rsquo;agit d&rsquo;un PC ultra-fin, sans doute un chef-d\u2019\u0153uvre con\u00e7u \u00e0 partir d&rsquo;un savant m\u00e9lange de cr\u00e9ativit\u00e9, de style et d&rsquo;innovation.<\/span><\/p>\n<p style=\"text-align: justify;\"><span style=\"color: #000000;\"><strong>Le ZenBook Duo, l&rsquo;ordinateur de demain<\/strong><\/span><\/p>\n<p style=\"text-align: justify;\"><span style=\"color: #000000;\">Le ZenBook Duo est sans doute l&rsquo;ordinateur de demain, il int\u00e8gre pour la premi\u00e8re fois au monde un v\u00e9ritable deuxi\u00e8me \u00e9cran au-dessus du clavier. Baptis\u00e9e ScreenPad&#x2122; Plus, cette technologie se mat\u00e9rialise sur le format 14 pouces (UX481) par un second \u00e9cran tactile Full HD de 12,6 pouces. Celui-ci interagit de mani\u00e8re transparente avec l\u2019\u00e9cran principal.<\/span><\/p>\n<p style=\"text-align: justify;\"><span style=\"color: #000000;\">Gr\u00e2ce \u00e0 un puissant processeur Intel Core i7 de 10 \u00e8me g\u00e9n\u00e9ration, une carte graphique GeForce MX250 et une interface Wi-Fi 6, le ZenBook Duo est un PC ultraportable, con\u00e7u pour une cr\u00e9ativit\u00e9 sans effort et sans limite. Il est capable de prendre en charge facilement toutes les applications affich\u00e9es \u00e0 la fois sur votre \u00e9cran principal et sur le ScreenPad Plus afin de fluidifier le flux de vos t\u00e2ches.<\/span><\/p>\n<p style=\"text-align: justify;\"><span style=\"color: #000000;\"><strong>Points-cl\u00e9s du ZenBook Duo:<\/strong><\/span><\/p>\n<p style=\"text-align: justify;\"><span style=\"color: #000000;\">-Premier PC portable au monde avec ScreenPad&#x2122; Plus: L\u2019Asus ScreenPad&#x2122; Plus vous fera vivre une toute nouvelle exp\u00e9rience d&rsquo;utilisation pour une cr\u00e9ativit\u00e9 \u00e9tendue.D\u00e9multipliez les possibilit\u00e9s d&rsquo;optimisation de votre flux de travail et stimulez votre productivit\u00e9 gr\u00e2ce aux nombreuses applications int\u00e9gr\u00e9es.<\/span><\/p>\n<p style=\"text-align: justify;\"><span style=\"color: #000000;\">-Performances ultra-puissantes: Pour des performances lib\u00e9ratrices de votre cr\u00e9ativit\u00e9, le ZenBook Duo int\u00e8gre un processeur Intel\u00ae Core&#x2122; i7 de 10\u00e8me g\u00e9n\u00e9ration, une carte graphique NVIDIA\u00ae GeForce\u00ae MX250 et une interface Wi-Fi 6.<\/span><\/p>\n<p style=\"text-align: justify;\"><span style=\"color: #000000;\">-Superbes images: L&rsquo;\u00e9cran principal NanoEdge Full HD \u00e0 cadre ultrafin (rapport \u00e9cran\/appareil de 90%) am\u00e9liore consid\u00e9rablement votre exp\u00e9rience visuelle : plus d&rsquo;espace d&rsquo;affichage et une pr\u00e9cision des couleurs de qualit\u00e9 professionnelle, certifi\u00e9e Pantone.<\/span><\/p>\n<p style=\"text-align: justify;\"><span style=\"color: #000000;\">-Au-del\u00e0 d\u2019une journ\u00e9e de travail: Jusqu&rsquo;\u00e0 22 heures d&rsquo;autonomie de la batterie pour un confort d&rsquo;utilisation optimal en d\u00e9placement.<\/span><\/p>\n<p style=\"text-align: justify;\"><span style=\"color: #000000;\">ZenBook Duo offre un petit plus: Avec le stylet Asus fourni, profitez d\u2019une plate-forme stable pour \u00e9crire ou dessiner, de quoi ravir les cr\u00e9ateurs de contenus et exprimer toute votre cr\u00e9ativit\u00e9.<\/span><\/p>\n<p style=\"text-align: justify;\"><span style=\"color: #000000;\">L&rsquo;Asus ZenBook Duo (UX481) est disponible \u00e0 partir de mi-janvier au prix de <strong>4399 DT<\/strong>.<\/span><\/p>\n<p style=\"text-align: justify;\"><span style=\"color: #000000;\"><strong>Le ZenBook 14: un m\u00e9lange de cr\u00e9ativit\u00e9, de style et d&rsquo;innovation<\/strong><\/span><\/p>\n<p style=\"text-align: justify;\"><span style=\"color: #000000;\">Style, cr\u00e9ativit\u00e9 et innovation, telles sont les qualit\u00e9s de l&rsquo;\u00e9l\u00e9gant ZenBook 14. Chaque d\u00e9tail de ce bijou technologique ultra-fin de 14 pouces et plus, et particuli\u00e8rement son incroyable \u00e9cran NanoEdge associ\u00e9 \u00e0 l&rsquo;innovant ScreenPad&#x2122; 2.0, a \u00e9t\u00e9 soigneusement fa\u00e7onn\u00e9 dans l&rsquo;unique but de vous aider \u00e0 laisser libre court \u00e0 votre cr\u00e9ativit\u00e9.<\/span><\/p>\n<p style=\"text-align: justify;\"><span style=\"color: #000000;\"><strong>Points-cl\u00e9s du ZenBook 14<\/strong><\/span><\/p>\n<p style=\"text-align: justify;\"><span style=\"color: #000000;\">-Le pav\u00e9 tactile intelligent: Le nouveau ScreenPad&#x2122; 2.0 am\u00e9liore consid\u00e9rablement l&rsquo;exp\u00e9rience utilisateur classique sur PC portable, de par son \u00e9cran secondaire contribuant \u00e0 la productivit\u00e9 et au travail multit\u00e2che. Son interface intuitive similaire \u00e0 celle d\u2019un smartphone (5,65\u2019\u2019) vous aide \u00e0 g\u00e9rer vost\u00e2ches facilement ainsi qu&rsquo;\u00e0 cr\u00e9er votre flux multit\u00e2che id\u00e9al.<\/span><\/p>\n<p style=\"text-align: justify;\"><span style=\"color: #000000;\">-La beaut\u00e9 au-del\u00e0 du r\u00e9el : L\u2019\u00e9cran NanoEdge Full HD du ZenBook 14 est tout simplement \u00e9patant : l&rsquo;immersion est totale gr\u00e2ce \u00e0 un cadre ultrafin (2,9 mm) et aucune distraction n&rsquo;\u00e9loigne votre regard ! La dalle IPS retro \u00e9clair\u00e9e incorpore une technologie grand angle pour des images id\u00e9ales m\u00eame lorsque vous \u00eates excentr\u00e9 par rapport \u00e0 l&rsquo;\u00e9cran.<\/span><\/p>\n<p style=\"text-align: justify;\"><span style=\"color: #000000;\">-Format ultra-compact: Le ZenBook 14 est le pr\u00e9curseur d&rsquo;une nouvelle \u00e8re en mati\u00e8re de design ultra- portable gr\u00e2ce \u00e0 son ch\u00e2ssis \u00e0 la fois compact et l\u00e9ger (16,9 mm d\u2019\u00e9paisseur et 1,26kg seulement). Il est l&rsquo;ordinateur portable de 14 pouces le plus petit au monde et son rapport \u00e9cran\/appareil est de 95% pourun encombrement ultracompact (format A4).<\/span><\/p>\n<p style=\"text-align: justify;\"><span style=\"color: #000000;\">L&rsquo;Asus ZenBook 14 (UX434) est disponible \u00e0 partir de mi-janvier au prix de 3799 DT.<\/span><\/p>\n<div class=\"better-gallery-container\"><div id=\"gallery-688791934\" class=\"better-gallery  better-gallery-img-publisher-lg\" data-gallery-id=\"688791934\"><div class=\"gallery-title clearfix\"><h3 class=\"main-title\">Asus annonce le lancement en Tunisie de leurs derni\u00e8res innovations ZenBook \u00e0 2 \u00e9crans<\/h3>    <span class=\"prev\"><i class=\"fa fa-angle-left\"><\/i> pr\u00e9c\u00e9dent<\/span>\n                    <span class=\"count\"><i class=\"current\">1<\/i> De <i class=\"total\">6<\/i><\/span>\n                    <span class=\"next\">Suivant <i class=\"fa fa-angle-right\"><\/i><\/span>\n                <\/div> <div class=\"fotorama\" data-nav=\"thumbs\" data-auto=\"false\" data-ratio=\"16\/7\"><div data-thumb=\"https:\/\/www.plumeseconomiques.com\/fr\/wp-content\/uploads\/2019\/12\/Asus-ZenBook-14-150x150.png\">\n                        <a href=\"https:\/\/www.plumeseconomiques.com\/fr\/wp-content\/uploads\/2019\/12\/Asus-ZenBook-14.png\" class=\"slide-link\" data-not-rel=\"true\">\n                            <img decoding=\"async\"  data-id=\"46224\" src=\"https:\/\/www.plumeseconomiques.com\/fr\/wp-content\/uploads\/2019\/12\/Asus-ZenBook-14.png\">\n                        <\/a>\n                    <div class=\"slide-title-wrap\"><\/div><\/div><div data-thumb=\"https:\/\/www.plumeseconomiques.com\/fr\/wp-content\/uploads\/2019\/12\/Asus-Conference5-150x150.jpg\">\n                        <a href=\"https:\/\/www.plumeseconomiques.com\/fr\/wp-content\/uploads\/2019\/12\/Asus-Conference5.jpg\" class=\"slide-link\" data-not-rel=\"true\">\n                            <img decoding=\"async\"  data-id=\"46223\" src=\"https:\/\/www.plumeseconomiques.com\/fr\/wp-content\/uploads\/2019\/12\/Asus-Conference5.jpg\">\n                        <\/a>\n                    <div class=\"slide-title-wrap\"><\/div><\/div><div data-thumb=\"https:\/\/www.plumeseconomiques.com\/fr\/wp-content\/uploads\/2019\/12\/Asus-Conference4-150x150.jpg\">\n                        <a href=\"https:\/\/www.plumeseconomiques.com\/fr\/wp-content\/uploads\/2019\/12\/Asus-Conference4.jpg\" class=\"slide-link\" data-not-rel=\"true\">\n                            <img decoding=\"async\"  data-id=\"46222\" src=\"https:\/\/www.plumeseconomiques.com\/fr\/wp-content\/uploads\/2019\/12\/Asus-Conference4.jpg\">\n                        <\/a>\n                    <div class=\"slide-title-wrap\"><\/div><\/div><div data-thumb=\"https:\/\/www.plumeseconomiques.com\/fr\/wp-content\/uploads\/2019\/12\/Asus-Conference3-150x150.jpg\">\n                        <a href=\"https:\/\/www.plumeseconomiques.com\/fr\/wp-content\/uploads\/2019\/12\/Asus-Conference3.jpg\" class=\"slide-link\" data-not-rel=\"true\">\n                            <img decoding=\"async\"  data-id=\"46221\" src=\"https:\/\/www.plumeseconomiques.com\/fr\/wp-content\/uploads\/2019\/12\/Asus-Conference3.jpg\">\n                        <\/a>\n                    <div class=\"slide-title-wrap\"><\/div><\/div><div data-thumb=\"https:\/\/www.plumeseconomiques.com\/fr\/wp-content\/uploads\/2019\/12\/Asus-Conference2-150x150.jpg\">\n                        <a href=\"https:\/\/www.plumeseconomiques.com\/fr\/wp-content\/uploads\/2019\/12\/Asus-Conference2.jpg\" class=\"slide-link\" data-not-rel=\"true\">\n                            <img decoding=\"async\" alt=\"Asus annonce le lancement en Tunisie de leurs derni\u00e8res innovations ZenBook \u00e0 2 \u00e9crans\" data-id=\"46220\" src=\"https:\/\/www.plumeseconomiques.com\/fr\/wp-content\/uploads\/2019\/12\/Asus-Conference2.jpg\">\n                        <\/a>\n                    <div class=\"slide-title-wrap\"><\/div><\/div><div data-thumb=\"https:\/\/www.plumeseconomiques.com\/fr\/wp-content\/uploads\/2019\/12\/Asus-Conference1-150x150.jpg\">\n                        <a href=\"https:\/\/www.plumeseconomiques.com\/fr\/wp-content\/uploads\/2019\/12\/Asus-Conference1.jpg\" class=\"slide-link\" data-not-rel=\"true\">\n                            <img decoding=\"async\" alt=\"Asus annonce le lancement en Tunisie de leurs derni\u00e8res innovations ZenBook \u00e0 2 \u00e9crans\" data-id=\"46219\" src=\"https:\/\/www.plumeseconomiques.com\/fr\/wp-content\/uploads\/2019\/12\/Asus-Conference1.jpg\">\n                        <\/a>\n                    <div class=\"slide-title-wrap\"><\/div><\/div><\/div><\/div><script>var prt_gal_img_688791934 = [\"https:\\\/\\\/www.plumeseconomiques.com\\\/fr\\\/wp-content\\\/uploads\\\/2019\\\/12\\\/Asus-ZenBook-14.png\",\"https:\\\/\\\/www.plumeseconomiques.com\\\/fr\\\/wp-content\\\/uploads\\\/2019\\\/12\\\/Asus-Conference5.jpg\",\"https:\\\/\\\/www.plumeseconomiques.com\\\/fr\\\/wp-content\\\/uploads\\\/2019\\\/12\\\/Asus-Conference4.jpg\",\"https:\\\/\\\/www.plumeseconomiques.com\\\/fr\\\/wp-content\\\/uploads\\\/2019\\\/12\\\/Asus-Conference3.jpg\",\"https:\\\/\\\/www.plumeseconomiques.com\\\/fr\\\/wp-content\\\/uploads\\\/2019\\\/12\\\/Asus-Conference2.jpg\",\"https:\\\/\\\/www.plumeseconomiques.com\\\/fr\\\/wp-content\\\/uploads\\\/2019\\\/12\\\/Asus-Conference1.jpg\"]; var prt_gal_cap_688791934 = [\"\",\"\",\"\",\"\",\"\",\"\"]; <\/script><\/div>\n<p>Lire aussi:<\/p>\n<article class=\"post-29759 type-post format-standard has-post-thumbnail   listing-item listing-item-thumbnail listing-item-tb-1 main-term-103\">\n<div class=\"item-inner clearfix\">\n<h5 class=\"title\"><span style=\"color: #3366ff;\"><a class=\"post-url post-title\" style=\"color: #3366ff;\" href=\"https:\/\/www.plumeseconomiques.com\/fr\/conso\/hi-tech\/ASUS-devoile-sa-nouvelle-gamme-professionnelle-d-ordinateurs\/\"> ASUS d\u00e9voile sa nouvelle gamme professionnelle d\u2019ordinateurs <\/a><\/span><\/h5>\n<\/div>\n<\/article>\n<article class=\"post-29106 type-post format-standard has-post-thumbnail   listing-item listing-item-thumbnail listing-item-tb-1 main-term-83\">\n<div class=\"item-inner clearfix\">\n<h5 class=\"title\"><span style=\"color: #3366ff;\"><a class=\"post-url post-title\" style=\"color: #3366ff;\" href=\"https:\/\/www.plumeseconomiques.com\/fr\/actualites\/interview-actualites\/Asus-Interview-avec-M-Adnene-Jemili\/\"> Asus : Interview avec M. Adnene Jemili <\/a><\/span><\/h5>\n<\/div>\n<\/article>\n<article class=\"post-29105 type-post format-standard has-post-thumbnail   listing-item listing-item-thumbnail listing-item-tb-1 main-term-103\">\n<div class=\"item-inner clearfix\">\n<h5 class=\"title\"><span style=\"color: #3366ff;\"><a class=\"post-url post-title\" style=\"color: #3366ff;\" href=\"https:\/\/www.plumeseconomiques.com\/fr\/conso\/hi-tech\/ASUS-la-marque-qui-a-gagne-4265-prix-en-2014\/\"> ASUS : la marque qui a gagn\u00e9 4265 prix en 2014<\/a><\/span><\/h5>\n<\/div>\n<\/article>\n<article class=\"post-28865 type-post format-standard has-post-thumbnail   listing-item listing-item-thumbnail listing-item-tb-1 main-term-103\">\n<div class=\"item-inner clearfix\">\n<h5 class=\"title\"><span style=\"color: #3366ff;\"><a class=\"post-url post-title\" style=\"color: #3366ff;\" href=\"https:\/\/www.plumeseconomiques.com\/fr\/conso\/hi-tech\/ASUS-lance-en-Tunisie-Le-Transformer-Book-Chi\/\"> ASUS lance en Tunisie Le Transformer Book Chi <\/a><\/span><\/h5>\n<\/div>\n<\/article>\n<article class=\"post-28359 type-post format-standard has-post-thumbnail   listing-item listing-item-thumbnail listing-item-tb-1 main-term-105\">\n<div class=\"item-inner clearfix\">\n<h5 class=\"title\"><span style=\"color: #3366ff;\"><a class=\"post-url post-title\" style=\"color: #3366ff;\" href=\"https:\/\/www.plumeseconomiques.com\/fr\/conso\/high-tech\/ASUS-devoile-sa-premiere-montre-connectee-ZenWatch\/\"> ASUS d\u00e9voile sa premi\u00e8re montre connect\u00e9e ZenWatch <\/a><\/span><\/h5>\n<\/div>\n<\/article>\n<article class=\"post-27923 type-post format-standard has-post-thumbnail   listing-item listing-item-thumbnail listing-item-tb-1 main-term-103\">\n<div class=\"item-inner clearfix\">\n<h5 class=\"title\"><a class=\"post-url post-title\" href=\"https:\/\/www.plumeseconomiques.com\/fr\/conso\/hi-tech\/SIB-2013MeMo-Padla-nouvelle-tablette-de-ASUS\/\"><span style=\"color: #3366ff;\"> SIB 2013: \u0091\u0091MeMo Pad\u0092\u0092 la nouvelle tablette de ASUS<\/span> <\/a><\/h5>\n<\/div>\n<\/article>\n","protected":false},"excerpt":{"rendered":"<p>Asus annonce le lancement en Tunisie de leurs derni\u00e8res innovations ZenBook \u00e0 2 \u00e9crans Con\u00e7us pour favoriser le multit\u00e2che, ces deux ultraportables r\u00e9volutionnaires sont dot\u00e9s d\u2019un \u00e9cran secondaire\u00a0: le ScreenPad&#x2122; 2.0 de 5,65 pouces et le ScreenPad&#x2122; Plus de 12,6 pouces.\u00a0 Asus et son partenaire Intel \u00a0viennent d\u2019annoncer, le lancement en Tunisie\u00a0de leurs toutes derni\u00e8res [&hellip;]<\/p>\n","protected":false},"author":1,"featured_media":46225,"comment_status":"open","ping_status":"open","sticky":false,"template":"","format":"standard","meta":{"_seopress_robots_primary_cat":"","_seopress_titles_title":"","_seopress_titles_desc":"","_seopress_robots_index":"","footnotes":""},"categories":[103],"tags":[],"class_list":{"0":"post-46214","1":"post","2":"type-post","3":"status-publish","4":"format-standard","5":"has-post-thumbnail","7":"category-hi-tech"},"_links":{"self":[{"href":"https:\/\/plumeseconomiques.com\/fr\/wp-json\/wp\/v2\/posts\/46214","targetHints":{"allow":["GET"]}}],"collection":[{"href":"https:\/\/plumeseconomiques.com\/fr\/wp-json\/wp\/v2\/posts"}],"about":[{"href":"https:\/\/plumeseconomiques.com\/fr\/wp-json\/wp\/v2\/types\/post"}],"author":[{"embeddable":true,"href":"https:\/\/plumeseconomiques.com\/fr\/wp-json\/wp\/v2\/users\/1"}],"replies":[{"embeddable":true,"href":"https:\/\/plumeseconomiques.com\/fr\/wp-json\/wp\/v2\/comments?post=46214"}],"version-history":[{"count":0,"href":"https:\/\/plumeseconomiques.com\/fr\/wp-json\/wp\/v2\/posts\/46214\/revisions"}],"wp:featuredmedia":[{"embeddable":true,"href":"https:\/\/plumeseconomiques.com\/fr\/wp-json\/wp\/v2\/media\/46225"}],"wp:attachment":[{"href":"https:\/\/plumeseconomiques.com\/fr\/wp-json\/wp\/v2\/media?parent=46214"}],"wp:term":[{"taxonomy":"category","embeddable":true,"href":"https:\/\/plumeseconomiques.com\/fr\/wp-json\/wp\/v2\/categories?post=46214"},{"taxonomy":"post_tag","embeddable":true,"href":"https:\/\/plumeseconomiques.com\/fr\/wp-json\/wp\/v2\/tags?post=46214"}],"curies":[{"name":"wp","href":"https:\/\/api.w.org\/{rel}","templated":true}]}}