{"id":46206,"date":"2019-12-11T16:08:31","date_gmt":"2019-12-11T15:08:31","guid":{"rendered":"https:\/\/www.plumeseconomiques.com\/fr\/?p=46206"},"modified":"2019-12-11T16:08:33","modified_gmt":"2019-12-11T15:08:33","slug":"sfax-forum-tunisia-business-export-le-12-13-decembre","status":"publish","type":"post","link":"https:\/\/plumeseconomiques.com\/fr\/regions\/sfax-forum-tunisia-business-export-le-12-13-decembre\/","title":{"rendered":"Sfax :  Forum \u00ab\u00a0Tunisia Business Export\u00a0\u00bb  le 12-13 D\u00e9cembre"},"content":{"rendered":"<p style=\"text-align: justify;\"><span style=\"color: #000000;\"><strong>Sfax : Forum \u00ab\u00a0Tunisia Business Export\u00a0\u00bb (12-13 D\u00e9cembre)<\/strong><\/span><\/p>\n<p style=\"text-align: justify;\"><span style=\"font-size: inherit; color: #000000;\">La deuxi\u00e8me \u00e9dition du Forum \u00ab\u00a0Tunisia Business Export\u00a0\u00bb se tiendra les 12 et 13 d\u00e9cembre courant \u00e0 Sfax avec une pr\u00e9sence attendue de plus de 60 importateurs \u00e9trangers et de centrales d\u2019achat de 13 pays.<\/span><\/p>\n<p style=\"text-align: justify;\"><span style=\"font-size: inherit; color: #000000;\">L\u2019objectif du forum, organis\u00e9 par la Chambre de Commerce et d\u2019Industrie de Sfax (CCIS) avec le soutien de la Coop\u00e9ration Internationale Allemande GIZ et des programmes am\u00e9ricains TAYP et JOBS, consiste \u00e0 contribuer \u00e0 l\u2019am\u00e9lioration du positionnement des produits alimentaires tunisiens sur les march\u00e9s internationaux.<\/span><\/p>\n<p style=\"text-align: justify;\"><span style=\"font-size: inherit; color: #000000;\">La CCIS a d\u00e9cid\u00e9 qu&rsquo;apr\u00e8s une premi\u00e8re session d\u00e9di\u00e9e au secteur de l\u2019export de mani\u00e8re g\u00e9n\u00e9ral, l\u2019\u00e9dition 2019 soit focalis\u00e9e sur le secteur de l\u2019agroalimentaire qui se veut l\u2019un des secteurs strat\u00e9giques de l\u2019\u00e9conomie tunisienne.<\/span><\/p>\n<p style=\"text-align: justify;\"><span style=\"font-size: inherit; color: #000000;\">Au programme, une pl\u00e9ni\u00e8re sur le th\u00e8me \u00a0\u00bb L\u2019Agroalimentaire dans le March\u00e9 International : Nouveau positionnement\u00a0\u00bb, trois workshops d\u00e9di\u00e9s aux opportunit\u00e9s des march\u00e9s mondiaux prometteurs, et une exposition des produits tunisiens des entreprises participantes avec des rencontres de partenariat \u00ab\u00a0BtoB\u00a0\u00bb avec les centrales d\u2019achat internationales.<\/span><\/p>\n<p style=\"text-align: justify;\"><span style=\"font-size: inherit; color: #000000;\">De nombreux pays seront repr\u00e9sent\u00e9s au forum dont la France, l\u2019Espagne, les Etats Unis d\u2019Am\u00e9rique, le Canada, le Portugal, la Tha\u00eflande, la C\u00f4te d\u2019Ivoire, le Nig\u00e9ria, le Cameroun, la R\u00e9publique D\u00e9mocratique du Congo, le Niger, le Pakistan, la Russie, la Jordanie et le Burkina-Faso, selon un communiqu\u00e9 de la CCIS.<\/span><\/p>\n<p style=\"text-align: justify;\"><span style=\"color: #000000;\">Lire aussi:<\/span><\/p>\n<article class=\"post-46012 type-post format-standard has-post-thumbnail   listing-item listing-item-thumbnail listing-item-tb-1 main-term-61\">\n<div class=\"item-inner clearfix\">\n<h5 class=\"title\"><span style=\"color: #3366ff;\"><a class=\"post-url post-title\" style=\"color: #3366ff;\" href=\"https:\/\/www.plumeseconomiques.com\/fr\/actualites\/news\/cinquieme-edition-du-forum-dauphine-tunis-entreprises\/\"> Cinqui\u00e8me \u00e9dition du Forum Dauphine | Tunis Entreprises <\/a><\/span><\/h5>\n<\/div>\n<\/article>\n<article class=\"post-45833 type-post format-standard has-post-thumbnail   listing-item listing-item-thumbnail listing-item-tb-1 main-term-61\">\n<div class=\"item-inner clearfix\">\n<h5 class=\"title\"><span style=\"color: #3366ff;\"><a class=\"post-url post-title\" style=\"color: #3366ff;\" href=\"https:\/\/www.plumeseconomiques.com\/fr\/actualites\/news\/forum-ambition-africa-participation-de-60-entreprises-tunisiennes\/\"> Forum Ambition Africa : participation de 60 entreprises\u2026 <\/a><\/span><\/h5>\n<\/div>\n<\/article>\n<article class=\"post-45152 type-post format-standard has-post-thumbnail   listing-item listing-item-thumbnail listing-item-tb-1 main-term-74\">\n<div class=\"item-inner clearfix\">\n<h5 class=\"title\"><span style=\"color: #3366ff;\"><a class=\"post-url post-title\" style=\"color: #3366ff;\" href=\"https:\/\/www.plumeseconomiques.com\/fr\/magazine\/sous-le-zoom\/les-entreprises-tunisiennes-invitees-a-participer-a-la-2eme-edition-du-forum-ambition-africa-2019\/\"> Les entreprises tunisiennes invit\u00e9es \u00e0 participer \u00e0 la 2\u00e8me\u2026 <\/a><\/span><\/h5>\n<\/div>\n<\/article>\n<article class=\"post-45129 type-post format-standard has-post-thumbnail   listing-item listing-item-thumbnail listing-item-tb-1 main-term-64\">\n<div class=\"item-inner clearfix\">\n<h5 class=\"title\"><span style=\"color: #3366ff;\"><a class=\"post-url post-title\" style=\"color: #3366ff;\" href=\"https:\/\/www.plumeseconomiques.com\/fr\/actualites\/regions\/tozeur-cloture-du-forum-regional-sur-levaluation-du-programme-national-de-tourisme-pour-les-jeunes\/\"> Tozeur : Cl\u00f4ture du forum r\u00e9gional sur l\u2019\u00e9valuation du\u2026 <\/a><\/span><\/h5>\n<\/div>\n<\/article>\n<article class=\"post-43965 type-post format-standard has-post-thumbnail   listing-item listing-item-thumbnail listing-item-tb-1 main-term-82\">\n<div class=\"item-inner clearfix\">\n<h5 class=\"title\"><span style=\"color: #3366ff;\"><a class=\"post-url post-title\" style=\"color: #3366ff;\" href=\"https:\/\/www.plumeseconomiques.com\/fr\/actualites\/a-la-une\/forum-economique-sur-ladhesion-de-la-tunisie-au-comesa-defis-et-opportunites\/\"> Forum \u00c9conomique sur l\u2019adh\u00e9sion de la Tunisie au COMESA : D\u00e9fis\u2026<\/a><\/span><\/h5>\n<\/div>\n<\/article>\n<article class=\"post-43750 type-post format-standard has-post-thumbnail   listing-item listing-item-thumbnail listing-item-tb-1 main-term-129\">\n<div class=\"item-inner clearfix\">\n<h5 class=\"title\"><a class=\"post-url post-title\" href=\"https:\/\/www.plumeseconomiques.com\/fr\/Dossier\/forum-des-affaires-sino-arabes-vers-laugmentation-des-echanges-commerciaux-avec-la-chine-a-600-milliards\/\"><span style=\"color: #3366ff;\"> Forum des affaires sino-arabes : vers l\u2019augmentation des\u2026 <\/span><\/a><\/h5>\n<\/div>\n<\/article>\n","protected":false},"excerpt":{"rendered":"<p>Sfax : Forum \u00ab\u00a0Tunisia Business Export\u00a0\u00bb (12-13 D\u00e9cembre) La deuxi\u00e8me \u00e9dition du Forum \u00ab\u00a0Tunisia Business Export\u00a0\u00bb se tiendra les 12 et 13 d\u00e9cembre courant \u00e0 Sfax avec une pr\u00e9sence attendue de plus de 60 importateurs \u00e9trangers et de centrales d\u2019achat de 13 pays. L\u2019objectif du forum, organis\u00e9 par la Chambre de Commerce et d\u2019Industrie de [&hellip;]<\/p>\n","protected":false},"author":1,"featured_media":46213,"comment_status":"open","ping_status":"open","sticky":false,"template":"","format":"standard","meta":{"_seopress_robots_primary_cat":"","_seopress_titles_title":"","_seopress_titles_desc":"","_seopress_robots_index":"","footnotes":""},"categories":[64],"tags":[154,226,3294],"class_list":{"0":"post-46206","1":"post","2":"type-post","3":"status-publish","4":"format-standard","5":"has-post-thumbnail","7":"category-regions","8":"tag-forum","9":"tag-sfax","10":"tag-tunisia-business-export"},"_links":{"self":[{"href":"https:\/\/plumeseconomiques.com\/fr\/wp-json\/wp\/v2\/posts\/46206","targetHints":{"allow":["GET"]}}],"collection":[{"href":"https:\/\/plumeseconomiques.com\/fr\/wp-json\/wp\/v2\/posts"}],"about":[{"href":"https:\/\/plumeseconomiques.com\/fr\/wp-json\/wp\/v2\/types\/post"}],"author":[{"embeddable":true,"href":"https:\/\/plumeseconomiques.com\/fr\/wp-json\/wp\/v2\/users\/1"}],"replies":[{"embeddable":true,"href":"https:\/\/plumeseconomiques.com\/fr\/wp-json\/wp\/v2\/comments?post=46206"}],"version-history":[{"count":0,"href":"https:\/\/plumeseconomiques.com\/fr\/wp-json\/wp\/v2\/posts\/46206\/revisions"}],"wp:featuredmedia":[{"embeddable":true,"href":"https:\/\/plumeseconomiques.com\/fr\/wp-json\/wp\/v2\/media\/46213"}],"wp:attachment":[{"href":"https:\/\/plumeseconomiques.com\/fr\/wp-json\/wp\/v2\/media?parent=46206"}],"wp:term":[{"taxonomy":"category","embeddable":true,"href":"https:\/\/plumeseconomiques.com\/fr\/wp-json\/wp\/v2\/categories?post=46206"},{"taxonomy":"post_tag","embeddable":true,"href":"https:\/\/plumeseconomiques.com\/fr\/wp-json\/wp\/v2\/tags?post=46206"}],"curies":[{"name":"wp","href":"https:\/\/api.w.org\/{rel}","templated":true}]}}