{"id":46135,"date":"2020-01-20T17:34:06","date_gmt":"2020-01-20T16:34:06","guid":{"rendered":"https:\/\/www.plumeseconomiques.com\/fr\/?p=46135"},"modified":"2020-01-20T17:34:08","modified_gmt":"2020-01-20T16:34:08","slug":"jemmal-creation-dun-marche-des-olives-et-de-lhuile","status":"publish","type":"post","link":"https:\/\/plumeseconomiques.com\/fr\/regions\/jemmal-creation-dun-marche-des-olives-et-de-lhuile\/","title":{"rendered":"Jemmal : Cr\u00e9ation d&rsquo;un march\u00e9 des olives et de l&rsquo;huile"},"content":{"rendered":"<p style=\"text-align: justify;\"><strong>Jemmal : Cr\u00e9ation d&rsquo;un march\u00e9 des olives et de l&rsquo;huile<\/strong><\/p>\n<p style=\"text-align: justify;\">Un march\u00e9 hebdomadaire destin\u00e9 \u00e0 la vente des olives et de l&rsquo;huile vient d&rsquo;\u00eatre am\u00e9nag\u00e9 \u00e0 Jemmal (Gouvernorat de Monastir), a fait savoir le pr\u00e9sident de <a href=\"http:\/\/www.utica.org.tn\">l&rsquo;Union locale de l&rsquo;Industrie, du Commerce, et de l&rsquo;Artisanat (ULICA)<\/a>, Wissem Laayouni.<\/p>\n<p style=\"text-align: justify;\">Cr\u00e9\u00e9 par l&rsquo;ULICA et l&rsquo;Union Locale de l&rsquo;Agriculture et de la P\u00eache, en collaboration avec la municipalit\u00e9 de Jemmal, le march\u00e9 hebdomadaire d\u00e9marrera, vendredi prochain.<\/p>\n<p style=\"text-align: justify;\">Selon Wissem Laayouni, Jemmal compte 40 huileries sur un total de 120 dans le gouvernorat de Monastir et 350 agriculteurs actifs dans la fili\u00e8re des olives sur 1200 dans la r\u00e9gion.<\/p>\n<p style=\"text-align: justify;\">Le march\u00e9 sera ouvert tout au long de la saison des olives, jusqu&rsquo;\u00e0 mars 2020.<\/p>\n<p>A propos de Jemmal:<\/p>\n<p><b>Jemmal<\/b>, \u00e9galement orthographi\u00e9e <b>Jemmel<\/b> ou <b>Djemmal<\/b> (arabe&nbsp;:&nbsp;<span class=\"lang-ar\" dir=\"rtl\" lang=\"ar\">\u062c\u0645\u0627\u0651\u0644<\/span>), est une ville du Sahel tunisien situ\u00e9e \u00e0 une vingtaine de kilom\u00e8tres au sud de Monastir et Sousse et \u00e0 une trentaine de kilom\u00e8tres au nord-ouest de Mahdia.<\/p>\n<p>Rattach\u00e9e administrativement \u00e9galement au gouvernorat de Monastir, elle est le chef-lieu d&rsquo;une d\u00e9l\u00e9gation de 55 272 habitants et constitue une municipalit\u00e9 de 50 275 habitants en 2014<sup id=\"cite_ref-ins_2-1\" class=\"reference\">2<\/sup>. Elle est entour\u00e9e par les villes de Beni Hassen, Menzel Kamel, Zaouiet Kontoch et Touza.<\/p>\n<p>En effet, la ville s&rsquo;est d\u00e9velopp\u00e9e autour d&rsquo;un noyau historique centr\u00e9 sur la grande mosqu\u00e9e, adoss\u00e9e \u00e0 la zaou\u00efa d&rsquo;Oum Ezzine El Bouhlia, c\u00e9l\u00e8bre sainte de la ville. Les zaou\u00efas de Sidi Ali Ch\u00e9rif, Sidi Messaoud, Sidi Barka, Sidi El Ghayeb, Lella Hlima, Sidi Belkhiria, Sidi Abdelkader, de la Rahmaniyya et tant d&rsquo;autres ont quant \u00e0 elles \u00e9t\u00e9 b\u00e2ties au d\u00e9but du <abbr class=\"abbr\" title=\"19\u1d49 si\u00e8cle\"><span class=\"romain\">XIX<\/span><sup>e<\/sup><\/abbr>&nbsp;si\u00e8cle. Toutes t\u00e9moignent du r\u00f4le de Jemmal comme important centre du soufisme dans le Sahel.<\/p>\n<p>Lire aussi:<\/p>\n<article class=\"post-29580 type-post format-standard has-post-thumbnail   listing-item listing-item-thumbnail listing-item-tb-1 main-term-61\">\n<div class=\"item-inner clearfix\">\n<h5 class=\"title\"><span style=\"color: #3366ff;\"><a class=\"post-url post-title\" style=\"color: #3366ff;\" href=\"https:\/\/www.plumeseconomiques.com\/fr\/actualites\/news\/l-UE-augmente-de-facon-exceptionnelle-le-quota-annuel-d-exportation-d-huile-d-olive-de-la-Tunisi\/\"> l\u2019UE augmente de fa\u00e7on exceptionnelle le quota annuel\u2026 <\/a><\/span><\/h5>\n<\/div>\n<\/article>\n<article class=\"post-29583 type-post format-standard has-post-thumbnail   listing-item listing-item-thumbnail listing-item-tb-1 main-term-82\">\n<div class=\"item-inner clearfix\">\n<h5 class=\"title\"><span style=\"color: #3366ff;\"><a class=\"post-url post-title\" style=\"color: #3366ff;\" href=\"https:\/\/www.plumeseconomiques.com\/fr\/actualites\/a-la-une\/L-huile-d-olive-biologique-une-progression-de-300-des-recettes-d-exportation-avec-190MD\/\"> L\u2019huile d\u2019olive biologique : une progression de 300% des\u2026<\/a><\/span><\/h5>\n<\/div>\n<\/article>\n<article class=\"post-30102 type-post format-standard has-post-thumbnail   listing-item listing-item-thumbnail listing-item-tb-1 main-term-79\">\n<div class=\"item-inner clearfix\">\n<h5 class=\"title\"><span style=\"color: #3366ff;\"><a class=\"post-url post-title\" style=\"color: #3366ff;\" href=\"https:\/\/www.plumeseconomiques.com\/fr\/actualites\/oops\/Huile-d-olive-la-nouvelle-saison-prevoit-une-regression-de-60\/\"> Huile d\u2019olive : la nouvelle saison pr\u00e9voit une r\u00e9gression\u2026 <\/a><\/span><\/h5>\n<\/div>\n<\/article>\n<article class=\"post-30643 type-post format-standard has-post-thumbnail   listing-item listing-item-thumbnail listing-item-tb-1 main-term-74\">\n<div class=\"item-inner clearfix\">\n<h5 class=\"title\"><a class=\"post-url post-title\" href=\"https:\/\/www.plumeseconomiques.com\/fr\/magazine\/sous-le-zoom\/SIAL-China-2016-participation-de-sept-entreprises-tunisiennes-de-conditionnement-d-huile-d-oliv\/\"><span style=\"color: #3366ff;\"> SIAL China 2016 : participation de sept entreprises tunisiennes\u2026<\/span> <\/a><\/h5>\n<\/div>\n<\/article>\n","protected":false},"excerpt":{"rendered":"<p>Jemmal : Cr\u00e9ation d&rsquo;un march\u00e9 des olives et de l&rsquo;huile Un march\u00e9 hebdomadaire destin\u00e9 \u00e0 la vente des olives et de l&rsquo;huile vient d&rsquo;\u00eatre am\u00e9nag\u00e9 \u00e0 Jemmal (Gouvernorat de Monastir), a fait savoir le pr\u00e9sident de l&rsquo;Union locale de l&rsquo;Industrie, du Commerce, et de l&rsquo;Artisanat (ULICA), Wissem Laayouni. Cr\u00e9\u00e9 par l&rsquo;ULICA et l&rsquo;Union Locale de [&hellip;]<\/p>\n","protected":false},"author":1,"featured_media":46424,"comment_status":"open","ping_status":"open","sticky":false,"template":"","format":"standard","meta":{"_seopress_robots_primary_cat":"","_seopress_titles_title":"","_seopress_titles_desc":"","_seopress_robots_index":"","footnotes":""},"categories":[64],"tags":[2570,3326,350],"class_list":{"0":"post-46135","1":"post","2":"type-post","3":"status-publish","4":"format-standard","5":"has-post-thumbnail","7":"category-regions","8":"tag-huile-dolive","9":"tag-jemmal","10":"tag-marche"},"_links":{"self":[{"href":"https:\/\/plumeseconomiques.com\/fr\/wp-json\/wp\/v2\/posts\/46135","targetHints":{"allow":["GET"]}}],"collection":[{"href":"https:\/\/plumeseconomiques.com\/fr\/wp-json\/wp\/v2\/posts"}],"about":[{"href":"https:\/\/plumeseconomiques.com\/fr\/wp-json\/wp\/v2\/types\/post"}],"author":[{"embeddable":true,"href":"https:\/\/plumeseconomiques.com\/fr\/wp-json\/wp\/v2\/users\/1"}],"replies":[{"embeddable":true,"href":"https:\/\/plumeseconomiques.com\/fr\/wp-json\/wp\/v2\/comments?post=46135"}],"version-history":[{"count":0,"href":"https:\/\/plumeseconomiques.com\/fr\/wp-json\/wp\/v2\/posts\/46135\/revisions"}],"wp:featuredmedia":[{"embeddable":true,"href":"https:\/\/plumeseconomiques.com\/fr\/wp-json\/wp\/v2\/media\/46424"}],"wp:attachment":[{"href":"https:\/\/plumeseconomiques.com\/fr\/wp-json\/wp\/v2\/media?parent=46135"}],"wp:term":[{"taxonomy":"category","embeddable":true,"href":"https:\/\/plumeseconomiques.com\/fr\/wp-json\/wp\/v2\/categories?post=46135"},{"taxonomy":"post_tag","embeddable":true,"href":"https:\/\/plumeseconomiques.com\/fr\/wp-json\/wp\/v2\/tags?post=46135"}],"curies":[{"name":"wp","href":"https:\/\/api.w.org\/{rel}","templated":true}]}}