{"id":46127,"date":"2020-01-20T16:59:52","date_gmt":"2020-01-20T15:59:52","guid":{"rendered":"https:\/\/www.plumeseconomiques.com\/fr\/?p=46127"},"modified":"2020-01-20T16:59:54","modified_gmt":"2020-01-20T15:59:54","slug":"lutap-soutient-les-protestations-des-agriculteurs-contre-la-deterioration-des-filieres-de-production","status":"publish","type":"post","link":"https:\/\/plumeseconomiques.com\/fr\/magazine\/sous-le-zoom\/lutap-soutient-les-protestations-des-agriculteurs-contre-la-deterioration-des-filieres-de-production\/","title":{"rendered":"L\u2019UTAP soutient les protestations des agriculteurs contre la d\u00e9t\u00e9rioration des fili\u00e8res de production"},"content":{"rendered":"<p style=\"text-align: justify;\"><strong>L\u2019UTAP soutient les protestations des agriculteurs contre la d\u00e9t\u00e9rioration des fili\u00e8res de production<\/strong><\/p>\n<p style=\"text-align: justify;\">Les pr\u00e9sidents des Unions r\u00e9gionales de l\u2019agriculture et de la p\u00eache, r\u00e9unis mardi \u00e0 Tunis, ont r\u00e9it\u00e9r\u00e9 leur soutien aux mouvements de protestation des agriculteurs et marins-p\u00eacheurs, pr\u00e9vus, tr\u00e8s prochainement, dans toutes les r\u00e9gions, contre la d\u00e9t\u00e9rioration des fili\u00e8res de production.<\/p>\n<p style=\"text-align: justify;\">L&rsquo;Union tunisienne de l\u2019agriculture et de la p\u00eache (UTAP) a soulign\u00e9, mardi, dans un communiqu\u00e9, la n\u00e9cessit\u00e9 de lancer des dialogues avec autorit\u00e9s ex\u00e9cutive et l\u00e9gislative, en vue de sauver, en particulier, les fili\u00e8res c\u00e9r\u00e9ali\u00e8re, ol\u00e9icole, et celle de la p\u00eache.<\/p>\n<p style=\"text-align: justify;\">L&rsquo;organisation agricole accuse le gouvernement de \u00ab\u00a0procrastination\u00a0\u00bb et le qualifie de \u00ab\u00a0responsable de la destruction\u00a0\u00bb de ces \u00a0fili\u00e8res agricoles et de la d\u00e9t\u00e9rioration de la situation socio-\u00e9conomique des agriculteurs et des p\u00eacheurs.<\/p>\n<p style=\"text-align: justify;\">L\u2019UTAP a d\u00e9plor\u00e9 la politique du Minist\u00e8re de l\u2019Agriculture qui promeut, selon elle, les semences import\u00e9es de moindre qualit\u00e9 au d\u00e9triment des semences locales s\u00e9lectionn\u00e9es. Elle \u00e9voque aussi l\u2019absence d&rsquo;engrais sur le march\u00e9, ce qui aura des impacts n\u00e9gatifs sur la production et la rentabilit\u00e9.<\/p>\n<p style=\"text-align: justify;\">Les pr\u00e9sidents des unions r\u00e9gionales de l&rsquo;UTAP ont aussi critiqu\u00e9 les mesures prises r\u00e9cemment dans le secteur ol\u00e9icole, estimant qu&rsquo;elles ne r\u00e9pondent pas aux attentes des agriculteurs.<\/p>\n<p style=\"text-align: justify;\">Ils ont appel\u00e9 \u00e0 augmenter le budget allou\u00e9 \u00e0 l&rsquo;Office National de l&rsquo;Huile (ONH) pour qu\u2019il joue pleinement sont r\u00f4le de r\u00e9gulateur du march\u00e9 et propos\u00e9 de fixer un prix de r\u00e9f\u00e9rence.<\/p>\n<p style=\"text-align: justify;\">En ce qui concerne le secteur de la p\u00eache, ils ont mis l\u2019accent sur la pollution de la mer qui a eu des effets n\u00e9fastes sur la richesse halieutique et les sources de revenus des marins p\u00eacheurs, appelant les autorit\u00e9s concern\u00e9es \u00e0 indemniser les p\u00eacheurs affect\u00e9s.<\/p>\n<p>Lire aussi:<\/p>\n<article class=\"post-40796 type-post format-standard has-post-thumbnail   listing-item listing-item-thumbnail listing-item-tb-1 main-term-61\">\n<div class=\"item-inner clearfix\">\n<h5 class=\"title\"><span style=\"color: #3366ff;\"><a class=\"post-url post-title\" style=\"color: #3366ff;\" href=\"https:\/\/www.plumeseconomiques.com\/fr\/actualites\/news\/lutap-appelle-les-agriculteurs-a-faire-preuve-de-patience-pour-la-recolte-de-tomates\/\"> L\u2019UTAP appelle les agriculteurs \u00e0 faire preuve de\u2026 <\/a><\/span><\/h5>\n<\/div>\n<\/article>\n<article class=\"post-40134 type-post format-standard has-post-thumbnail   listing-item listing-item-thumbnail listing-item-tb-1 main-term-61\">\n<div class=\"item-inner clearfix\">\n<h5 class=\"title\"><span style=\"color: #3366ff;\"><a class=\"post-url post-title\" style=\"color: #3366ff;\" href=\"https:\/\/www.plumeseconomiques.com\/fr\/actualites\/news\/abdelamjid-ezzar-reelu-a-la-tete-de-lutap\/\"> Abdelamjid Ezzar r\u00e9\u00e9lu \u00e0 la t\u00eate de l\u2019UTAP <\/a><\/span><\/h5>\n<\/div>\n<\/article>\n<article class=\"post-40069 type-post format-standard has-post-thumbnail   listing-item listing-item-thumbnail listing-item-tb-1 main-term-61\">\n<div class=\"item-inner clearfix\">\n<h5 class=\"title\"><span style=\"color: #3366ff;\"><a class=\"post-url post-title\" style=\"color: #3366ff;\" href=\"https:\/\/www.plumeseconomiques.com\/fr\/actualites\/news\/utap-170-candidats-se-presentent-a-lelection-du-nouveau-conseil-central\/\"> UTAP_: 170 candidats se pr\u00e9sentent \u00e0 l\u2019\u00e9lection du nouveau\u2026 <\/a><\/span><\/h5>\n<\/div>\n<\/article>\n<article class=\"post-31694 type-post format-standard has-post-thumbnail   listing-item listing-item-thumbnail listing-item-tb-1 main-term-61\">\n<div class=\"item-inner clearfix\">\n<h5 class=\"title\"><span style=\"color: #3366ff;\"><a class=\"post-url post-title\" style=\"color: #3366ff;\" href=\"https:\/\/www.plumeseconomiques.com\/fr\/actualites\/news\/L-UTAP-vers-une-participation-aux-prochaines-elections-municipales\/\"> L\u2019UTAP_: vers une participation aux prochaines \u00e9lections\u2026 <\/a><\/span><\/h5>\n<\/div>\n<\/article>\n<article class=\"post-30277 type-post format-standard has-post-thumbnail   listing-item listing-item-thumbnail listing-item-tb-1 main-term-61\">\n<div class=\"item-inner clearfix\">\n<h5 class=\"title\"><span style=\"color: #3366ff;\"><a class=\"post-url post-title\" style=\"color: #3366ff;\" href=\"https:\/\/www.plumeseconomiques.com\/fr\/actualites\/news\/L-UTAP-appelle-a-profiter-du-marche-russ\/\"> L\u2019UTAP_appelle \u00e0 profiter du march\u00e9 russe <\/a><\/span><\/h5>\n<\/div>\n<\/article>\n<article class=\"post-28824 type-post format-standard has-post-thumbnail   listing-item listing-item-thumbnail listing-item-tb-1 main-term-61\">\n<div class=\"item-inner clearfix\">\n<h5 class=\"title\"><a class=\"post-url post-title\" href=\"https:\/\/www.plumeseconomiques.com\/fr\/actualites\/news\/UTAP-recommande-de-lancer-un-plan-de-developpement-a-Dhehib\/\"><span style=\"color: #3366ff;\"> UTAP_recommande de lancer un plan de d\u00e9veloppement \u00e0 Dh\u00e9hiba<\/span> <\/a><\/h5>\n<\/div>\n<\/article>\n\n","protected":false},"excerpt":{"rendered":"<p>L\u2019UTAP soutient les protestations des agriculteurs contre la d\u00e9t\u00e9rioration des fili\u00e8res de production Les pr\u00e9sidents des Unions r\u00e9gionales de l\u2019agriculture et de la p\u00eache, r\u00e9unis mardi \u00e0 Tunis, ont r\u00e9it\u00e9r\u00e9 leur soutien aux mouvements de protestation des agriculteurs et marins-p\u00eacheurs, pr\u00e9vus, tr\u00e8s prochainement, dans toutes les r\u00e9gions, contre la d\u00e9t\u00e9rioration des fili\u00e8res de production. L&rsquo;Union [&hellip;]<\/p>\n","protected":false},"author":1,"featured_media":46418,"comment_status":"open","ping_status":"open","sticky":false,"template":"","format":"standard","meta":{"_seopress_robots_primary_cat":"","_seopress_titles_title":"","_seopress_titles_desc":"","_seopress_robots_index":"","footnotes":""},"categories":[74],"tags":[299,491,319],"class_list":{"0":"post-46127","1":"post","2":"type-post","3":"status-publish","4":"format-standard","5":"has-post-thumbnail","7":"category-sous-le-zoom","8":"tag-agriculture","9":"tag-production","10":"tag-utap"},"_links":{"self":[{"href":"https:\/\/plumeseconomiques.com\/fr\/wp-json\/wp\/v2\/posts\/46127","targetHints":{"allow":["GET"]}}],"collection":[{"href":"https:\/\/plumeseconomiques.com\/fr\/wp-json\/wp\/v2\/posts"}],"about":[{"href":"https:\/\/plumeseconomiques.com\/fr\/wp-json\/wp\/v2\/types\/post"}],"author":[{"embeddable":true,"href":"https:\/\/plumeseconomiques.com\/fr\/wp-json\/wp\/v2\/users\/1"}],"replies":[{"embeddable":true,"href":"https:\/\/plumeseconomiques.com\/fr\/wp-json\/wp\/v2\/comments?post=46127"}],"version-history":[{"count":0,"href":"https:\/\/plumeseconomiques.com\/fr\/wp-json\/wp\/v2\/posts\/46127\/revisions"}],"wp:featuredmedia":[{"embeddable":true,"href":"https:\/\/plumeseconomiques.com\/fr\/wp-json\/wp\/v2\/media\/46418"}],"wp:attachment":[{"href":"https:\/\/plumeseconomiques.com\/fr\/wp-json\/wp\/v2\/media?parent=46127"}],"wp:term":[{"taxonomy":"category","embeddable":true,"href":"https:\/\/plumeseconomiques.com\/fr\/wp-json\/wp\/v2\/categories?post=46127"},{"taxonomy":"post_tag","embeddable":true,"href":"https:\/\/plumeseconomiques.com\/fr\/wp-json\/wp\/v2\/tags?post=46127"}],"curies":[{"name":"wp","href":"https:\/\/api.w.org\/{rel}","templated":true}]}}