{"id":45123,"date":"2019-09-30T22:27:24","date_gmt":"2019-09-30T21:27:24","guid":{"rendered":"https:\/\/www.plumeseconomiques.com\/fr\/?p=45123"},"modified":"2019-09-30T22:27:25","modified_gmt":"2019-09-30T21:27:25","slug":"bargou-un-don-japonais-au-profit-de-la-formation-des-femmes-agricoles","status":"publish","type":"post","link":"https:\/\/plumeseconomiques.com\/fr\/eco-women\/bargou-un-don-japonais-au-profit-de-la-formation-des-femmes-agricoles\/","title":{"rendered":"Bargou : un don japonais au profit de la formation des femmes agricoles"},"content":{"rendered":"\n<p style=\"text-align: justify;\"><span style=\"color: #000000;\"><strong>Bargou: un don japonais au profit de la formation des femmes agricoles<\/strong><\/span><\/p>\n<p style=\"text-align: justify;\"><span style=\"color: #000000;\">Un accord de don pour la cr\u00e9ation d\u2019un centre de formation et d\u2019appui aux femmes agricoles \u00e0 Bargou (gouvernorat de Siliana), a \u00e9t\u00e9 sign\u00e9, lundi, dans la ville, en pr\u00e9sence de l\u2019ambassadeur du Japon \u00e0 Tunis, Shinsuke Shimizu. &nbsp;<\/span><br><span style=\"color: #000000;\">Le don nippon d\u2019une valeur de 214 mille 564 dinars a \u00e9t\u00e9 accord\u00e9 au profit de l\u2019association Chaambi de promotion des petits m\u00e9tiers et de l\u2019artisanat, \u00e0 Siliana, dans le cadre de l\u2019aide aux microprojets locaux (APL).<\/span><\/p>\n<p style=\"text-align: justify;\"><span style=\"color: #000000;\">A travers cette aide, le Japon veut contribuer \u00e0 la cr\u00e9ation d\u2019emplois au profit des femmes rurales, dans la r\u00e9gion, en leur fournissant une formation leur permettant, dans une \u00e9tape ult\u00e9rieure, de cr\u00e9er des projets priv\u00e9s ou de trouver du travail dans le domaine de leur formation, souligne le diplomate japonais, dans une d\u00e9claration \u00e0 l\u2019agence Tap.<\/span><\/p>\n<p style=\"text-align: justify;\"><span style=\"color: #000000;\">Pour sa part, le pr\u00e9sident de l\u2019association Taoufik Saoudi, indique &nbsp;que ce projet vise, dans une premi\u00e8re \u00e9tape, \u00e0 former 150 femmes de la d\u00e9l\u00e9gation de Bargou, tout au long de l\u2019ann\u00e9e 2020. <\/span><\/p>\n<p style=\"text-align: justify;\"><span style=\"color: #000000;\">La formation sera ax\u00e9e au domaine de l\u2019agroalimentaire \u00e0 travers la production de lait, huile, confiture et herbes aromatiques. <\/span><\/p>\n<p style=\"text-align: justify;\"><span style=\"color: #000000;\">La formation devra \u00eatre \u00e9largie \u00e9galement \u00e0 d&rsquo;autres femmes, dans toutes les d\u00e9l\u00e9gations du gouvernorat, avec la construction d\u2019un foyer, \u00e0 Bargou, fin 2021.<\/span><\/p>\n<p style=\"text-align: justify;\"><span style=\"color: #000000;\">En effet, l\u2019association s\u2019engage \u00e0 accompagner les femmes form\u00e9es au centre, dans la recherche de financement pour la cr\u00e9ation de leurs propres projets.<\/span><\/p>\n<p style=\"text-align: justify;\"><span style=\"color: #000000;\">La c\u00e9r\u00e9monie de signature s\u2019est tenue \u00e9galement en pr\u00e9sence du gouverneur de <a title=\"Siliana\" href=\"http:\/\/www.investintunisia.tn%20\u203a siliana-en-bref_114_557\">Siliana<\/a>, du maire et du d\u00e9l\u00e9gu\u00e9 de Bargou, ainsi que des femmes actives dans le secteur agricole.&nbsp;<\/span><\/p>\n<p><strong>Lire aussi:<\/strong><\/p>\n<article class=\"post-30995 type-post format-standard has-post-thumbnail   listing-item listing-item-thumbnail listing-item-tb-1 main-term-124\">\n<div class=\"item-inner clearfix\">\n<h5 class=\"title\"><span style=\"color: #3366ff;\"><a class=\"post-url post-title\" style=\"color: #3366ff;\" href=\"https:\/\/www.plumeseconomiques.com\/fr\/actualites-feminin\/La-Fondation-__Agir-Contre-l-Exclusionforme-une-quarantaine-de-femmes-rurales-dans-le-domaine-de-l-entrepreneuriat-economique-et-agricol\/\"> La Fondation \u2018\u2018Agir Contre l\u2019Exclusion\u2019\u2019 forme une quarantaine\u2026 <\/a><\/span><\/h5>\n<\/div>\n<\/article>\n<article class=\"post-44150 type-post format-standard has-post-thumbnail   listing-item listing-item-thumbnail listing-item-tb-1 main-term-74\">\n<div class=\"item-inner clearfix\">\n<h5 class=\"title\"><span style=\"color: #3366ff;\"><a class=\"post-url post-title\" style=\"color: #3366ff;\" href=\"https:\/\/www.plumeseconomiques.com\/fr\/magazine\/sous-le-zoom\/bientot-des-autorisations-exceptionnelles-pour-le-transport-des-ouvrieres-agricoles\/\"> Bient\u00f4t des autorisations exceptionnelles pour le transport des\u2026 <\/a><\/span><\/h5>\n<\/div>\n<\/article>\n<article class=\"post-44046 type-post format-standard has-post-thumbnail   listing-item listing-item-thumbnail listing-item-tb-1 main-term-61\">\n<div class=\"item-inner clearfix\">\n<h5 class=\"title\"><span style=\"color: #3366ff;\"><a class=\"post-url post-title\" style=\"color: #3366ff;\" href=\"https:\/\/www.plumeseconomiques.com\/fr\/actualites\/news\/la-fao-finance-un-nouveau-projet-de-promotion-de-linvestissement-agricole-de-3764-millions-de-dinars\/\"> La FAO finance un nouveau projet de promotion de\u2026 <\/a><\/span><\/h5>\n<\/div>\n<\/article>\n<article class=\"post-44038 type-post format-standard has-post-thumbnail   listing-item listing-item-thumbnail listing-item-tb-1 main-term-64\">\n<div class=\"item-inner clearfix\">\n<h5 class=\"title\"><span style=\"color: #3366ff;\"><a class=\"post-url post-title\" style=\"color: #3366ff;\" href=\"https:\/\/www.plumeseconomiques.com\/fr\/actualites\/regions\/kairouan-lancement-de-lapplication-ahmini-visant-la-couverture-sociale-des-ouvrieres-agricoles\/\"> Kairouan: lancement de l\u2019application &nbsp;\u00bbAhmini&nbsp;\u00bb visant la\u2026 <\/a><\/span><\/h5>\n<\/div>\n<\/article>\n<article class=\"post-41067 type-post format-standard has-post-thumbnail   listing-item listing-item-thumbnail listing-item-tb-1 main-term-62\">\n<div class=\"item-inner clearfix\">\n<h5 class=\"title\"><span style=\"color: #3366ff;\"><a class=\"post-url post-title\" style=\"color: #3366ff;\" href=\"https:\/\/www.plumeseconomiques.com\/fr\/actualites\/communique\/association-face-tunisie-un-projet-pour-lappui-et-lautonomisation-economique-des-femmes-agricultrices-et-artisanes-a-sejnane\/\"> Association FACE Tunisie : Un projet pour l\u2019appui et\u2026 <\/a><\/span><\/h5>\n<\/div>\n<\/article>\n<article class=\"post-40356 type-post format-standard has-post-thumbnail   listing-item listing-item-thumbnail listing-item-tb-1 main-term-92\">\n<div class=\"item-inner clearfix\">\n<h5 class=\"title\"><a class=\"post-url post-title\" href=\"https:\/\/www.plumeseconomiques.com\/fr\/actualites\/regions\/kebili-creation-de-microprojets-delevage-au-profit-de-30-femmes-a-douz\/\"><span style=\"color: #3366ff;\"> K\u00e9bili : Cr\u00e9ation de microprojets d\u2019\u00e9levage au profit de 30\u2026 <\/span><\/a><\/h5>\n<\/div>\n<\/article>\n","protected":false},"excerpt":{"rendered":"Bargou: un don japonais au profit de la formation des femmes agricoles Un accord de don pour la cr\u00e9ation d\u2019un centre de formation et d\u2019appui aux femmes agricoles \u00e0 Bargou (gouvernorat de Siliana), a \u00e9t\u00e9 sign\u00e9, lundi, dans la ville, en pr\u00e9sence de l\u2019ambassadeur du Japon \u00e0 Tunis, Shinsuke Shimizu. &nbsp;Le don nippon d\u2019une valeur [...]","protected":false},"author":1,"featured_media":45125,"comment_status":"open","ping_status":"open","sticky":false,"template":"","format":"standard","meta":{"_seopress_robots_primary_cat":"","_seopress_titles_title":"","_seopress_titles_desc":"","_seopress_robots_index":"","footnotes":""},"categories":[85],"tags":[3086,658,2494,1403,2688],"class_list":{"0":"post-45123","1":"post","2":"type-post","3":"status-publish","4":"format-standard","5":"has-post-thumbnail","7":"category-eco-women","8":"tag-bagou","9":"tag-don","10":"tag-don-japonais","11":"tag-femmes-agricultrices","12":"tag-japon"},"_links":{"self":[{"href":"https:\/\/plumeseconomiques.com\/fr\/wp-json\/wp\/v2\/posts\/45123","targetHints":{"allow":["GET"]}}],"collection":[{"href":"https:\/\/plumeseconomiques.com\/fr\/wp-json\/wp\/v2\/posts"}],"about":[{"href":"https:\/\/plumeseconomiques.com\/fr\/wp-json\/wp\/v2\/types\/post"}],"author":[{"embeddable":true,"href":"https:\/\/plumeseconomiques.com\/fr\/wp-json\/wp\/v2\/users\/1"}],"replies":[{"embeddable":true,"href":"https:\/\/plumeseconomiques.com\/fr\/wp-json\/wp\/v2\/comments?post=45123"}],"version-history":[{"count":0,"href":"https:\/\/plumeseconomiques.com\/fr\/wp-json\/wp\/v2\/posts\/45123\/revisions"}],"wp:featuredmedia":[{"embeddable":true,"href":"https:\/\/plumeseconomiques.com\/fr\/wp-json\/wp\/v2\/media\/45125"}],"wp:attachment":[{"href":"https:\/\/plumeseconomiques.com\/fr\/wp-json\/wp\/v2\/media?parent=45123"}],"wp:term":[{"taxonomy":"category","embeddable":true,"href":"https:\/\/plumeseconomiques.com\/fr\/wp-json\/wp\/v2\/categories?post=45123"},{"taxonomy":"post_tag","embeddable":true,"href":"https:\/\/plumeseconomiques.com\/fr\/wp-json\/wp\/v2\/tags?post=45123"}],"curies":[{"name":"wp","href":"https:\/\/api.w.org\/{rel}","templated":true}]}}