{"id":44886,"date":"2019-09-12T20:09:06","date_gmt":"2019-09-12T19:09:06","guid":{"rendered":"https:\/\/www.plumeseconomiques.com\/fr\/?p=44886"},"modified":"2019-09-12T20:09:08","modified_gmt":"2019-09-12T19:09:08","slug":"ifa-2019-samsung-celebre-cinq-decennies-de-concevoir-votre-avenir","status":"publish","type":"post","link":"https:\/\/plumeseconomiques.com\/fr\/conso\/hi-tech\/ifa-2019-samsung-celebre-cinq-decennies-de-concevoir-votre-avenir\/","title":{"rendered":"IFA 2019 : Samsung c\u00e9l\u00e8bre cinq d\u00e9cennies de concevoir votre avenir\u00a0"},"content":{"rendered":"\n<p style=\"text-align: justify;\"><span style=\"color: #000000;\"><strong>IFA 2019 : Samsung c\u00e9l\u00e8bre cinq d\u00e9cennies de <\/strong><\/span><span style=\"color: #000000;\"><strong>concevoir votre avenir<\/strong><\/span><span style=\"color: #000000;\"><strong>\u00a0<\/strong><\/span><\/p>\n<p style=\"text-align: justify;\"><span style=\"color: #000000;\"><em>L\u2019entreprise pr\u00e9sente une vaste gamme de produits intelligents et connect\u00e9s <\/em><\/span><\/p>\n<p style=\"text-align: justify;\"><span style=\"color: #000000;\"><em>Con\u00e7us pour r\u00e9pondre \u00e0 notre mode de vie en \u00e9volution&#8230;<\/em><\/span><span style=\"color: #000000;\"><strong>\u00a0<\/strong><\/span><!--more--><\/p>\n<p style=\"text-align: justify;\"><span style=\"color: #000000;\"><a title=\"samsung\" href=\"https:\/\/www.samsung.com\">Samsung <\/a>,aujourd\u2019hui, marquant son imminent 50e anniversaire \u00e0 l\u2019IFA 2019, a tenu une conf\u00e9rence de presse exposant la vision de l\u2019entreprise ax\u00e9e sur l\u2019innovation, la connectivit\u00e9 et le futur.<\/span><\/p>\n<p style=\"text-align: justify;\"><span style=\"color: #000000;\">L&rsquo;entreprise d\u00e9clara : la d\u00e9mocratisation de la technologie QLED 8K avec l&rsquo;introduction d&rsquo;une gamme compl\u00e8te de t\u00e9l\u00e9viseurs QLED 8K ; l\u2019innovation sur le march\u00e9 des appareils m\u00e9nagers avec sa gamme de r\u00e9frig\u00e9rateurs personnalisables BESPOKE ; et l\u2019expansion de l\u2019empreinte des appareils 5G de Samsung avec le lancement des nouveaux Galaxy A90 5G et Galaxy Fold 5G. <\/span><\/p>\n<p style=\"text-align: justify;\"><span style=\"color: #000000;\">Ces nouvelles offres, ainsi que de nombreuses autres, illustrent l\u2019ambition endurante de Samsung d\u2019enrichir son portefeuille avec des produits et de services audacieux et intrigants con\u00e7us pour demain.<\/span><\/p>\n<p style=\"text-align: justify;\"><span style=\"color: #000000;\">\u201cDepuis le lancement initial de la t\u00e9l\u00e9vision noir et blanc de Samsung, il y a pr\u00e8s de 50 ans, nous avons introduit des technologies de pointe au niveau de nos secteurs \u00e9lectroniques, des appareils m\u00e9nagers et des t\u00e9l\u00e9phones mobiles\u00a0\u00bb, d\u00e9clara Benjamin Braun, directeur du marketing et vice-pr\u00e9sident, Samsung Europe. \u00ab\u00a0Samsung continuera \u00e0 cr\u00e9er l&rsquo;h\u00e9ritage de l\u2019entreprise et \u00e0 fournir des innovations qui changeront la vie de nos clients.\u00a0\u00bb<\/span><\/p>\n<p style=\"text-align: justify;\"><span style=\"color: #000000;\"><strong>La gamme compl\u00e8te de Visual Display annonc\u00e9e avec le nouveau t\u00e9l\u00e9viseur QLED 8K 55-pouces<\/strong><\/span><span style=\"color: #000000;\"><strong>\u00a0<\/strong><\/span><\/p>\n<p style=\"text-align: justify;\"><span style=\"color: #000000;\">Depuis le lancement du t\u00e9l\u00e9viseur QLED 8K de Samsung l\u2019ann\u00e9e derni\u00e8re, les achats totaux de t\u00e9l\u00e9viseurs QLED ont augment\u00e9 de 200% d\u2019ann\u00e9e en ann\u00e9e. <\/span><\/p>\n<p style=\"text-align: justify;\"><span style=\"color: #000000;\">Cette adoption rapide des t\u00e9l\u00e9viseurs QLED a entra\u00een\u00e9 la vente de plus de deux millions d&rsquo;unit\u00e9s dans le monde au cours du premier semestre de cette ann\u00e9e, suscitant un app\u00e9tit \u00e9prouv\u00e9 des consommateurs pour les t\u00e9l\u00e9viseurs \u00e0 grand \u00e9cran de haute qualit\u00e9. Afin d\u2019am\u00e9liorer encore plus la gamme, le QLED 8K de 55-pouces sera associ\u00e9 \u00e0 la gamme QLED de Samsung des versions actuelles de 65, 75, 82 et 85 pouces.<\/span><span style=\"color: #000000;\"><strong>\u00a0<\/strong><\/span><\/p>\n<p style=\"text-align: justify;\"><span style=\"color: #000000;\">Le t\u00e9l\u00e9viseur QLED 8K de 55-pouces sera disponible globalement en septembre. Avec cette nouvelle addition, Samsung r\u00e9pond aux demandes des consommateurs exigeants un choix plus vaste en proposant une gamme d\u2019options de dimensions adapt\u00e9es \u00e0 diff\u00e9rents foyers. <\/span><\/p>\n<p style=\"text-align: justify;\"><span style=\"color: #000000;\">La nouvelle variante 55-pouces offrira les avantages premium de la gamme de t\u00e9l\u00e9viseurs QLED 8K, notamment une qualit\u00e9 d&rsquo;image incontestable avec sa profondeur et ses d\u00e9tails, un volume de couleurs de cent pour cent et une technologie r\u00e9volutionnaire haute de gamme de l&rsquo;IA. <\/span><\/p>\n<p style=\"text-align: justify;\"><span style=\"color: #000000;\">Que le consommateur regarde le contenu \u00e0 travers un service de streaming, un d\u00e9codeur via HDMI, USB ou m\u00eame avec une mise en miroir mobile, le Processeur Quantum 8K reconna\u00eet et transforme tout contenu de r\u00e9solution inf\u00e9rieure en qualit\u00e9 nette 8K.<\/span><\/p>\n<p style=\"text-align: justify;\"><span style=\"color: #000000;\"><strong>Des appareils m\u00e9nagers BESPOKE adapt\u00e9s aux modes de vie modernes des consommateurs<\/strong><\/span><span style=\"color: #000000;\"><strong>\u00a0<\/strong><\/span><\/p>\n<p style=\"text-align: justify;\"><span style=\"color: #000000;\">Alors que la ligne de d\u00e9marcation entre meubles et appareils m\u00e9nagers continue \u00e0 s\u2019estomper, Samsung continue \u00e0 cr\u00e9er de plus en plus de solutions personnalisables d\u2019habitation pour r\u00e9pondre aux besoins de nombreux consommateurs.<\/span><\/p>\n<p style=\"text-align: justify;\"><span style=\"color: #000000;\">\u00c0 ces fins, les nouveaux r\u00e9frig\u00e9rateurs BESPOKE de Samsung arrivent en Europe. Con\u00e7us en tant qu\u2019appareils modulaires, ces r\u00e9frig\u00e9rateurs, poss\u00e9dants une grande vari\u00e9t\u00e9 d\u2019options de dimensions disponibles notamment le choix entre mod\u00e8les \u00e0 une porte jusqu\u2019\u00e0 mod\u00e8les \u00e0 quatre portes, peuvent s\u2019int\u00e9grer de mani\u00e8re homog\u00e8ne dans divers espaces.\u00a0<\/span><\/p>\n<p style=\"text-align: justify;\"><span style=\"color: #000000;\">Pour les utilisateurs exigeants encore plus de leur cuisine, Samsung lance aujourd&rsquo;hui son nouveau Dual Cook Steam Oven. Son stylisme moderne offre une flexibilit\u00e9 exceptionnelle et des capacit\u00e9s de cuisson multiples. <\/span><\/p>\n<p style=\"text-align: justify;\"><span style=\"color: #000000;\">Le four est align\u00e9 verticalement et incorpore des surfaces textur\u00e9es \u00e0 une nouvelle interface utilisateur, ajoutant \u00e0 sa conception un niveau d\u2019attraction intriguant. En plus, avec sa fonction Dual Cook Steam, il peut cuire simultan\u00e9ment avec la convection dans un compartiment et avec la vapeur dans l\u2019autre.<\/span><\/p>\n<p style=\"text-align: justify;\"><span style=\"color: #000000;\">\u00a0Ayant un impact au-del\u00e0 du quotidien, les innovations de Samsung en mati\u00e8re de cuisine ont d\u00e9j\u00e0 contribu\u00e9 \u00e0 la r\u00e9duction du niveau de d\u00e9chets actuellement produits \u00e0 domicile. <\/span><\/p>\n<p style=\"text-align: justify;\"><span style=\"color: #000000;\">L\u2019entreprise a franchi une \u00e9tape suppl\u00e9mentaire lors de l&rsquo;IFA 2019 en annon\u00e7ant un partenariat encore plus approfondi avec Whisk, d\u00e9veloppeur de plates-formes intelligentes pour la nutrition. <\/span><\/p>\n<p style=\"text-align: justify;\"><span style=\"color: #000000;\">Gr\u00e2ce \u00e0 l\u2019int\u00e9gration des appareils Samsung, tels que les listes de courses intelligentes de ses r\u00e9frig\u00e9rateurs Family Hub, Samsung et Whisk acc\u00e8dent une exp\u00e9rience de cuisson plus agr\u00e9able et plus respectueuse de l\u2019environnement pour toute la famille.<\/span><span style=\"color: #000000;\"><strong>\u00a0<\/strong><\/span><\/p>\n<p style=\"text-align: justify;\"><span style=\"color: #000000;\">Alors que le domicile moyen devient plus compact et que de plus en plus de personnes s\u2019installent dans les zones urbaines, Samsung se concentre \u00e0 proposer des produits adapt\u00e9s au style de vie actuel des consommateurs. L&rsquo;AirDresser, qui ressemble \u00e0 une armoire ou \u00e0 un miroir vertical, est un appareil servant \u00e0 rafra\u00eechir les v\u00eatements. <\/span><\/p>\n<p style=\"text-align: justify;\"><span style=\"color: #000000;\">De plus, Samsung lance le purificateur d\u2019air AX9500, le premier syst\u00e8me de purification Wind-Free&#x2122; au monde. Sa conception modulaire lui permet de s&rsquo;int\u00e9grer dans de nombreuses habitations, et gr\u00e2ce \u00e0 son syst\u00e8me de filtration \u00e0 trois couches, il r\u00e9duit la pr\u00e9sence de gaz nocifs, de poussi\u00e8res et d&rsquo;allerg\u00e8nes pr\u00e9sents dans l&rsquo;air ambiant.\u00a0Avec le nouvel aspirateur sans fil POWERstick Jet&#x2122;, les consommateurs ont la chance de faire l&rsquo;exp\u00e9rience d&rsquo;une puissance d&rsquo;aspiration de 200 W in\u00e9dite \u00e0 l&rsquo;industrie. Avec son syst\u00e8me de filtration HEPA \u00e0 5 couches et sa batterie durant d\u2019une heure, il peut capter 99,999% des particules de poussi\u00e8re et des allerg\u00e8nes, en les emp\u00eachant ainsi de s&rsquo;\u00e9vader dans l&rsquo;air \u00e0 travers les \u00e9chappements.\u00a0<\/span><\/p>\n<p style=\"text-align: justify;\"><span style=\"color: #000000;\"><strong>Pr\u00e9sentation du nouveau Galaxy A90 5G : Samsung \u00e9tend son \u00e9cosyst\u00e8me Galaxy compatible-5G<\/strong><\/span><span style=\"color: #000000;\"><strong>\u00a0<\/strong><\/span><\/p>\n<p style=\"text-align: justify;\"><span style=\"color: #000000;\">Depuis le lancement de Galaxy S10 5G plus t\u00f4t cette ann\u00e9e, Samsung collabore avec son r\u00e9seau mondial de partenaires pour fournir un acc\u00e8s \u00e0 la connectivit\u00e9 mobile 5G pour tous. Aujourd&rsquo;hui, Samsung renforce encore sa gamme de smartphones 5G avec le lancement du nouveau Galaxy A90 5G, qui sera disponible en Europe \u00e0 partir d&rsquo;octobre. <\/span><\/p>\n<p style=\"text-align: justify;\"><span style=\"color: #000000;\">Avec le Galaxy A90 5G, les utilisateurs peuvent t\u00e9l\u00e9charger rapidement du contenu de haute qualit\u00e9 et partager des vid\u00e9os en direct ;se plonger dans un grand \u00e9cran FHD + Super AMOLED Infinity-U de 6,7-pouces ; et b\u00e9n\u00e9ficier d&rsquo;une batterie de 4,500 mAh ainsi que d&rsquo;un appareil photo principal de 48 MP. <\/span><\/p>\n<p style=\"text-align: justify;\"><span style=\"color: #000000;\">Le Galaxy A90 5G offre aux consommateurs assoiff\u00e9s de contenu un appareil optimal pour sa cr\u00e9ation et sa consommation.<\/span><span style=\"color: #000000;\"><strong>\u00a0<\/strong><\/span><\/p>\n<p style=\"text-align: justify;\"><span style=\"color: #000000;\">Samsung a \u00e9galement confirm\u00e9 que le bien anticip\u00e9 Galaxy Fold sera disponible dans Cosmos Black et SpaceSilver \u00e0 partir du 18 septembre 2019, notamment en France, en Allemagne, \u00e0 Singapour et au Royaume-Uni, avec son lancement au \u00c9tats-Unis \u00e0 suivre. <\/span><\/p>\n<p style=\"text-align: justify;\"><span style=\"color: #000000;\">Une option 5G-ready sera \u00e9galement disponible dans certains march\u00e9s, offrant aux consommateurs le dernier r\u00e9seau de connectivit\u00e9 pour am\u00e9liorer encore plus cette neuve exp\u00e9rience pliable. <\/span><\/p>\n<p style=\"text-align: justify;\"><span style=\"color: #000000;\">Soucieux de fournir aux consommateurs une exp\u00e9rience d\u2019utilisateur exceptionnelle sans compromettre la qualit\u00e9 ni la dimension, Samsung a \u00e9galement pr\u00e9sent\u00e9 l&rsquo;\u00e9t\u00e9 dernier une multitude de nouveaux produits.\u00a0<\/span><\/p>\n<p style=\"text-align: justify;\"><span style=\"color: #000000;\">Les <strong>Galaxy Note10 et Note10 +<\/strong> fournissent une puissance et des performances de premier ordre qui permettent aux utilisateurs de travailler comme ils le souhaitent et de mettre en avant leur esprit cr\u00e9atif, tout en restant \u00e0 leur guise. La nouvelle tablette <strong>Galaxy Tab S6<\/strong> est accompagn\u00e9e du stylet S Pen, et demeure la premi\u00e8re tablette au monde \u00e0 \u00eatre \u00e9quip\u00e9e d\u2019un double appareil photo avec camera Ultra-Wide Lens et d\u2019un \u00e9cran Super AMOLED de 10,5-pouces. <\/span><\/p>\n<p style=\"text-align: justify;\"><span style=\"color: #000000;\">Con\u00e7u pour les utilisateurs tr\u00e8s performants qui ne souhaitent pas \u00eatre alourdis par un ordinateur portable, le <strong>Galaxy Book <\/strong>S associe la mobilit\u00e9 et la connectivit\u00e9 d&rsquo;un smartphone \u00e0 la puissante productivit\u00e9 d&rsquo;un PC. <\/span><\/p>\n<p style=\"text-align: justify;\"><span style=\"color: #000000;\">Enfin, le 6 septembre, Samsung lancera la nouvelle<strong> Galaxy Watch Active2<\/strong>. Depuis 2017, Samsung expose ses technologies innovantes \u00e0 Samsung Town, un espace con\u00e7u sur mesure et d\u00e9voilant toute sa gamme afin que les visiteurs puissent d\u00e9couvrir les modes de vie connect\u00e9s uniques et pratiques. <\/span><\/p>\n<p style=\"text-align: justify;\"><span style=\"color: #000000;\">Cette ann\u00e9e, Samsung a adopt\u00e9 une nouvelle approche en concevant des espaces pour tous les types de consommateurs, des pigistes travaillant \u00e0 domicile aux influenceurs, en passant par les nouveaux mari\u00e9s et bien plus. <\/span><\/p>\n<p style=\"text-align: justify;\"><span style=\"color: #000000;\">Samsung Town montrera \u00e9galement \u00e0 quel point la vie demeure plus simple avec ses robots automobiles et Samsung Bots.<br \/><\/span><\/p>\n<div class=\"better-gallery-container\"><div id=\"gallery-330202248\" class=\"better-gallery  better-gallery-img-full\" data-gallery-id=\"330202248\"><div class=\"gallery-title clearfix\"><h3 class=\"main-title\">IFA 2019 : Samsung c\u00e9l\u00e8bre cinq d\u00e9cennies de concevoir votre avenir <\/h3>    <span class=\"prev\"><i class=\"fa fa-angle-left\"><\/i> pr\u00e9c\u00e9dent<\/span>\n                    <span class=\"count\"><i class=\"current\">1<\/i> De <i class=\"total\">7<\/i><\/span>\n                    <span class=\"next\">Suivant <i class=\"fa fa-angle-right\"><\/i><\/span>\n                <\/div> <div class=\"fotorama\" data-nav=\"thumbs\" data-auto=\"false\" data-ratio=\"16\/7\"><div data-thumb=\"https:\/\/www.plumeseconomiques.com\/fr\/wp-content\/uploads\/2019\/09\/Benjamin-Braun-IFA-Press-Conference-2.jpg\">\n                        <a href=\"https:\/\/www.plumeseconomiques.com\/fr\/wp-content\/uploads\/2019\/09\/Benjamin-Braun-IFA-Press-Conference-2.jpg\" class=\"slide-link\" data-not-rel=\"true\">\n                            <img decoding=\"async\"  data-id=\"44898\" src=\"https:\/\/www.plumeseconomiques.com\/fr\/wp-content\/uploads\/2019\/09\/Benjamin-Braun-IFA-Press-Conference-2.jpg\">\n                        <\/a>\n                    <div class=\"slide-title-wrap\"><\/div><\/div><div data-thumb=\"https:\/\/www.plumeseconomiques.com\/fr\/wp-content\/uploads\/2019\/09\/IFA-2019-The-Wall-219-inch.jpg\">\n                        <a href=\"https:\/\/www.plumeseconomiques.com\/fr\/wp-content\/uploads\/2019\/09\/IFA-2019-The-Wall-219-inch.jpg\" class=\"slide-link\" data-not-rel=\"true\">\n                            <img decoding=\"async\"  data-id=\"44896\" src=\"https:\/\/www.plumeseconomiques.com\/fr\/wp-content\/uploads\/2019\/09\/IFA-2019-The-Wall-219-inch.jpg\">\n                        <\/a>\n                    <div class=\"slide-title-wrap\"><\/div><\/div><div data-thumb=\"https:\/\/www.plumeseconomiques.com\/fr\/wp-content\/uploads\/2019\/09\/IFA-2019-QLED-8K-2.jpg\">\n                        <a href=\"https:\/\/www.plumeseconomiques.com\/fr\/wp-content\/uploads\/2019\/09\/IFA-2019-QLED-8K-2.jpg\" class=\"slide-link\" data-not-rel=\"true\">\n                            <img decoding=\"async\"  data-id=\"44895\" src=\"https:\/\/www.plumeseconomiques.com\/fr\/wp-content\/uploads\/2019\/09\/IFA-2019-QLED-8K-2.jpg\">\n                        <\/a>\n                    <div class=\"slide-title-wrap\"><\/div><\/div><div data-thumb=\"https:\/\/www.plumeseconomiques.com\/fr\/wp-content\/uploads\/2019\/09\/IFA-2019-QLED-8K-1.jpg\">\n                        <a href=\"https:\/\/www.plumeseconomiques.com\/fr\/wp-content\/uploads\/2019\/09\/IFA-2019-QLED-8K-1.jpg\" class=\"slide-link\" data-not-rel=\"true\">\n                            <img decoding=\"async\"  data-id=\"44894\" src=\"https:\/\/www.plumeseconomiques.com\/fr\/wp-content\/uploads\/2019\/09\/IFA-2019-QLED-8K-1.jpg\">\n                        <\/a>\n                    <div class=\"slide-title-wrap\"><\/div><\/div><div data-thumb=\"https:\/\/www.plumeseconomiques.com\/fr\/wp-content\/uploads\/2019\/09\/IFA-2019-POWERstick-Jet.jpg\">\n                        <a href=\"https:\/\/www.plumeseconomiques.com\/fr\/wp-content\/uploads\/2019\/09\/IFA-2019-POWERstick-Jet.jpg\" class=\"slide-link\" data-not-rel=\"true\">\n                            <img decoding=\"async\"  data-id=\"44893\" src=\"https:\/\/www.plumeseconomiques.com\/fr\/wp-content\/uploads\/2019\/09\/IFA-2019-POWERstick-Jet.jpg\">\n                        <\/a>\n                    <div class=\"slide-title-wrap\"><\/div><\/div><div data-thumb=\"https:\/\/www.plumeseconomiques.com\/fr\/wp-content\/uploads\/2019\/09\/IFA-2019-BESPOKE-2.jpg\">\n                        <a href=\"https:\/\/www.plumeseconomiques.com\/fr\/wp-content\/uploads\/2019\/09\/IFA-2019-BESPOKE-2.jpg\" class=\"slide-link\" data-not-rel=\"true\">\n                            <img decoding=\"async\"  data-id=\"44892\" src=\"https:\/\/www.plumeseconomiques.com\/fr\/wp-content\/uploads\/2019\/09\/IFA-2019-BESPOKE-2.jpg\">\n                        <\/a>\n                    <div class=\"slide-title-wrap\"><\/div><\/div><div data-thumb=\"https:\/\/www.plumeseconomiques.com\/fr\/wp-content\/uploads\/2019\/09\/IFA-2019-BESPOKE-1.jpg\">\n                        <a href=\"https:\/\/www.plumeseconomiques.com\/fr\/wp-content\/uploads\/2019\/09\/IFA-2019-BESPOKE-1.jpg\" class=\"slide-link\" data-not-rel=\"true\">\n                            <img decoding=\"async\" alt=\"IFA 2019 : Samsung c\u00e9l\u00e8bre cinq d\u00e9cennies de concevoir votre avenir\u00a0\" data-id=\"44891\" src=\"https:\/\/www.plumeseconomiques.com\/fr\/wp-content\/uploads\/2019\/09\/IFA-2019-BESPOKE-1.jpg\">\n                        <\/a>\n                    <div class=\"slide-title-wrap\"><\/div><\/div><\/div><\/div><script>var prt_gal_img_330202248 = [\"https:\\\/\\\/www.plumeseconomiques.com\\\/fr\\\/wp-content\\\/uploads\\\/2019\\\/09\\\/Benjamin-Braun-IFA-Press-Conference-2.jpg\",\"https:\\\/\\\/www.plumeseconomiques.com\\\/fr\\\/wp-content\\\/uploads\\\/2019\\\/09\\\/IFA-2019-The-Wall-219-inch.jpg\",\"https:\\\/\\\/www.plumeseconomiques.com\\\/fr\\\/wp-content\\\/uploads\\\/2019\\\/09\\\/IFA-2019-QLED-8K-2.jpg\",\"https:\\\/\\\/www.plumeseconomiques.com\\\/fr\\\/wp-content\\\/uploads\\\/2019\\\/09\\\/IFA-2019-QLED-8K-1.jpg\",\"https:\\\/\\\/www.plumeseconomiques.com\\\/fr\\\/wp-content\\\/uploads\\\/2019\\\/09\\\/IFA-2019-POWERstick-Jet.jpg\",\"https:\\\/\\\/www.plumeseconomiques.com\\\/fr\\\/wp-content\\\/uploads\\\/2019\\\/09\\\/IFA-2019-BESPOKE-2.jpg\",\"https:\\\/\\\/www.plumeseconomiques.com\\\/fr\\\/wp-content\\\/uploads\\\/2019\\\/09\\\/IFA-2019-BESPOKE-1.jpg\"]; var prt_gal_cap_330202248 = [\"\",\"\",\"\",\"\",\"\",\"\",\"\"]; <\/script><\/div>\n<p style=\"text-align: justify;\"><span style=\"color: #000000;\">\u00a0<\/span><\/p>\n<p style=\"text-align: justify;\"><span style=\"color: #000000;\"><strong>\u00a0Lire aussi:<br \/><\/strong><\/span><\/p>\n<article class=\"post-44644 type-post format-standard has-post-thumbnail   listing-item listing-item-thumbnail listing-item-tb-1 main-term-103\">\n<div class=\"item-inner clearfix\">\n<h5 class=\"title\"><span style=\"color: #3366ff;\"><a class=\"post-url post-title\" style=\"color: #3366ff;\" href=\"https:\/\/www.plumeseconomiques.com\/fr\/conso\/hi-tech\/samsung-health-restez-en-forme-pendant-la-saison-estivale\/\"> Samsung Health\u00a0: restez en forme pendant la saison estivale <\/a><\/span><\/h5>\n<\/div>\n<\/article>\n<article class=\"post-44538 type-post format-standard has-post-thumbnail   listing-item listing-item-thumbnail listing-item-tb-1 main-term-103\">\n<div class=\"item-inner clearfix\">\n<h5 class=\"title\"><span style=\"color: #3366ff;\"><a class=\"post-url post-title\" style=\"color: #3366ff;\" href=\"https:\/\/www.plumeseconomiques.com\/fr\/conso\/hi-tech\/samsung-propos-une-bonne-variete-des-smartphones-de-la-serie-a\/\"> Samsung propos une bonne vari\u00e9t\u00e9 des Smartphones de la S\u00e9rie A <\/a><\/span><\/h5>\n<\/div>\n<\/article>\n<article class=\"post-43470 type-post format-standard has-post-thumbnail   listing-item listing-item-thumbnail listing-item-tb-1 main-term-103\">\n<div class=\"item-inner clearfix\">\n<h5 class=\"title\"><span style=\"color: #3366ff;\"><a class=\"post-url post-title\" style=\"color: #3366ff;\" href=\"https:\/\/www.plumeseconomiques.com\/fr\/conso\/hi-tech\/samsung-celebre-10-de-la-gamme-s-en-lancant-le-galaxy-s10\/\"> Samsung c\u00e9l\u00e8bre 10 de la gamme S en lan\u00e7ant le Galaxy S10 <\/a><\/span><\/h5>\n<\/div>\n<\/article>\n<article class=\"post-28109 type-post format-standard has-post-thumbnail   listing-item listing-item-thumbnail listing-item-tb-1 main-term-103\">\n<div class=\"item-inner clearfix\">\n<h5 class=\"title\"><span style=\"color: #3366ff;\"><a class=\"post-url post-title\" style=\"color: #3366ff;\" href=\"https:\/\/www.plumeseconomiques.com\/fr\/conso\/hi-tech\/samsung-galaxy-s5-l-innovation-inspiree-par-les-utilisateurs\/\"> Samsung Galaxy S5 : l\u2019innovation inspir\u00e9e par les\u2026<\/a><\/span><\/h5>\n<\/div>\n<\/article>\n<article class=\"post-40566 type-post format-standard has-post-thumbnail   listing-item listing-item-thumbnail listing-item-tb-1 main-term-103\">\n<div class=\"item-inner clearfix\">\n<h5 class=\"title\"><span style=\"color: #3366ff;\"><a class=\"post-url post-title\" style=\"color: #3366ff;\" href=\"https:\/\/www.plumeseconomiques.com\/fr\/conso\/hi-tech\/daisy-duck-et-goof-les-deux-nouveaux-ar-emojis-annonces-par-samsung-et-disney\/\"> Daisy Duck et Goof : Les deux nouveaux AR Emojis annonc\u00e9s par\u2026 <\/a><\/span><\/h5>\n<\/div>\n<\/article>\n<article class=\"post-40170 type-post format-standard has-post-thumbnail   listing-item listing-item-thumbnail listing-item-tb-1 main-term-103\">\n<div class=\"item-inner clearfix\">\n<h5 class=\"title\"><span style=\"color: #3366ff;\"><a class=\"post-url post-title\" style=\"color: #3366ff;\" href=\"https:\/\/www.plumeseconomiques.com\/fr\/conso\/hi-tech\/samsung-revient-en-force-ouverture-de-deux-nouveaux-brand-shops-et-un-customer-service\/\"> SAMSUNG revient en force : ouverture de deux nouveaux Brand\u2026 <\/a><\/span><\/h5>\n<\/div>\n<\/article>\n","protected":false},"excerpt":{"rendered":"IFA 2019 : Samsung c\u00e9l\u00e8bre cinq d\u00e9cennies de concevoir votre avenir\u00a0 L\u2019entreprise pr\u00e9sente une vaste gamme de produits intelligents et connect\u00e9s Con\u00e7us pour r\u00e9pondre \u00e0 notre mode de vie en \u00e9volution...\u00a0 Samsung ,aujourd\u2019hui, marquant son imminent 50e anniversaire \u00e0 l\u2019IFA 2019, a tenu une conf\u00e9rence de presse exposant la vision de l\u2019entreprise ax\u00e9e sur l\u2019innovation, [...]","protected":false},"author":1,"featured_media":44897,"comment_status":"open","ping_status":"open","sticky":false,"template":"","format":"standard","meta":{"_seopress_robots_primary_cat":"","_seopress_titles_title":"","_seopress_titles_desc":"","_seopress_robots_index":"","footnotes":""},"categories":[103],"tags":[],"class_list":{"0":"post-44886","1":"post","2":"type-post","3":"status-publish","4":"format-standard","5":"has-post-thumbnail","7":"category-hi-tech"},"_links":{"self":[{"href":"https:\/\/plumeseconomiques.com\/fr\/wp-json\/wp\/v2\/posts\/44886","targetHints":{"allow":["GET"]}}],"collection":[{"href":"https:\/\/plumeseconomiques.com\/fr\/wp-json\/wp\/v2\/posts"}],"about":[{"href":"https:\/\/plumeseconomiques.com\/fr\/wp-json\/wp\/v2\/types\/post"}],"author":[{"embeddable":true,"href":"https:\/\/plumeseconomiques.com\/fr\/wp-json\/wp\/v2\/users\/1"}],"replies":[{"embeddable":true,"href":"https:\/\/plumeseconomiques.com\/fr\/wp-json\/wp\/v2\/comments?post=44886"}],"version-history":[{"count":0,"href":"https:\/\/plumeseconomiques.com\/fr\/wp-json\/wp\/v2\/posts\/44886\/revisions"}],"wp:featuredmedia":[{"embeddable":true,"href":"https:\/\/plumeseconomiques.com\/fr\/wp-json\/wp\/v2\/media\/44897"}],"wp:attachment":[{"href":"https:\/\/plumeseconomiques.com\/fr\/wp-json\/wp\/v2\/media?parent=44886"}],"wp:term":[{"taxonomy":"category","embeddable":true,"href":"https:\/\/plumeseconomiques.com\/fr\/wp-json\/wp\/v2\/categories?post=44886"},{"taxonomy":"post_tag","embeddable":true,"href":"https:\/\/plumeseconomiques.com\/fr\/wp-json\/wp\/v2\/tags?post=44886"}],"curies":[{"name":"wp","href":"https:\/\/api.w.org\/{rel}","templated":true}]}}