{"id":44874,"date":"2019-09-11T22:50:57","date_gmt":"2019-09-11T21:50:57","guid":{"rendered":"https:\/\/www.plumeseconomiques.com\/fr\/?p=44874"},"modified":"2019-09-12T00:19:15","modified_gmt":"2019-09-11T23:19:15","slug":"signature-du-contrat-relatif-a-lelaboration-de-la-strategie-industrielle-et-dinnovation-a-lhorizon-2035","status":"publish","type":"post","link":"https:\/\/plumeseconomiques.com\/fr\/news\/signature-du-contrat-relatif-a-lelaboration-de-la-strategie-industrielle-et-dinnovation-a-lhorizon-2035\/","title":{"rendered":"Signature du contrat relatif \u00e0 l&rsquo;\u00e9laboration de la strat\u00e9gie industrielle et d&rsquo;innovation \u00e0 l&rsquo;horizon 2035"},"content":{"rendered":"\n<p style=\"text-align: justify;\"><span style=\"color: #000000;\">Signature du contrat relatif \u00e0 l&rsquo;\u00e9laboration de la strat\u00e9gie industrielle et d&rsquo;innovation \u00e0 l&rsquo;horizon 2035<\/span><\/p>\n<div style=\"text-align: justify;\">&nbsp;<\/div>\n<div><span style=\"color: #000000;\">Le minist\u00e8re de l\u2019industrie et des PME et <a title=\" IDOM\/BID Consulting\" href=\"https:\/\/www.idom.com\">le groupement tuniso-espagnol \u00ab&nbsp;IDOM\/BID Consulting&nbsp;<\/a>\u00bb, ont sign\u00e9, mercredi \u00e0 Tunis, le contrat relatif \u00e0 l&rsquo;\u00e9laboration de la strat\u00e9gie industrielle et d&rsquo;innovation \u00e0 l&rsquo;horizon 2035.<\/span><br><span style=\"color: #000000;\"><br>Intervenant &nbsp;lors d\u2019une c\u00e9r\u00e9monie organis\u00e9e, \u00e0 cette occasion, le ministre de l\u2019industrie et des PME, Selim Feriani a rappel\u00e9 que ce projet, &nbsp;qui s\u2019\u00e9talera sur une p\u00e9riode de 9 mois, est &nbsp;financ\u00e9 par un don de la Banque Africaine de D\u00e9veloppement (BAD) d\u2019environ &nbsp;670 mille 800 euros.<\/span><\/div>\n<div>&nbsp;<\/div>\n<div><span style=\"color: #000000;\">Concr\u00e8tement, il s\u2019agit de mener des analyses minutieuses traduisibles en programmes gouvernementaux durant les quinze prochaines ann\u00e9es, a pr\u00e9cis\u00e9 le ministre.<\/span><\/div>\n<div>&nbsp;<\/div>\n<div><span style=\"color: #000000;\">Et d\u2019ajouter que l\u2019objectif recherch\u00e9 est de mettre les bases d\u2019une industrie tunisienne r\u00e9siliente orient\u00e9e vers le futur et capable de concr\u00e9tiser les priorit\u00e9s nationales; \u00e0 savoir la redynamisation de l\u2019\u00e9conomie, la r\u00e9duction du taux de ch\u00f4mage et des disparit\u00e9s r\u00e9gionales.<\/span><\/div>\n<div>&nbsp;<\/div>\n<div><span style=\"color: #000000;\">Ce projet permettra, \u00e9galement, d\u2019\u00e9valuer les politiques industrielles actuelles et le syst\u00e8me d\u2019innovation, outre l\u2019\u00e9laboration d\u2019\u00e9tudes comparatives avec cinq pays; \u00e0 savoir le Maroc, le Chili, la Pologne, le Portugal et la R\u00e9publique Tch\u00e8que.<\/span><br><span style=\"color: #000000;\">&nbsp;<\/span><\/div>\n<div><span style=\"color: #000000;\">Le ministre a fait savoir, \u00e0 cette occasion, &nbsp;que la premi\u00e8re r\u00e9union du comit\u00e9 de pilotage compos\u00e9 des repr\u00e9sentants des minist\u00e8res, des structures publiques et des banques a \u00e9t\u00e9 tenue, aujourd\u2019hui, \u00e0 l\u2019issue de la signature du contrat.<\/span><\/div>\n<div>&nbsp;<\/div>\n<div><span style=\"color: #000000;\">Ce comit\u00e9 aura pour mission de d\u2019accompagner le processus de r\u00e9alisation de cette strat\u00e9gie nationale et d\u2019examiner la m\u00e9thodologie de travail du groupement tuniso-espagnol.<\/span><\/div>\n<div>&nbsp;<\/div>\n<div><span style=\"color: #000000;\">Le contrat a \u00e9t\u00e9 sign\u00e9 par le DG de l\u2019infrastructure industrielle et technologique au minist\u00e8re de l\u2019industrie et des PME, Kamel Oueslati et le Directeur du groupement, I\u00f1igo San Emeterio<\/span>\n<div class=\"yj6qo\" style=\"text-align: justify;\">\n<div class=\"better-gallery-container\"><div id=\"gallery-705588371\" class=\"better-gallery  better-gallery-img-publisher-lg\" data-gallery-id=\"705588371\"><div class=\"gallery-title clearfix\"><h3 class=\"main-title\">Signature du contrat relatif \u00e0 l'\u00e9laboration de la strat\u00e9gie industrielle et d'innovation \u00e0 l'horizon 2035<\/h3>    <span class=\"prev\"><i class=\"fa fa-angle-left\"><\/i> pr\u00e9c\u00e9dent<\/span>\n                    <span class=\"count\"><i class=\"current\">1<\/i> De <i class=\"total\">3<\/i><\/span>\n                    <span class=\"next\">Suivant <i class=\"fa fa-angle-right\"><\/i><\/span>\n                <\/div> <div class=\"fotorama\" data-nav=\"thumbs\" data-auto=\"false\" data-ratio=\"16\/7\"><div data-thumb=\"https:\/\/www.plumeseconomiques.com\/fr\/wp-content\/uploads\/2019\/09\/Signature-du-contrat-relatif-\u00e0-l\u00e9laboration-de-la-strat\u00e9gie-industrielle-et-dinnovation-\u00e0-lhorizon-2035-3-150x150.jpg\">\n                        <a href=\"https:\/\/www.plumeseconomiques.com\/fr\/wp-content\/uploads\/2019\/09\/Signature-du-contrat-relatif-\u00e0-l\u00e9laboration-de-la-strat\u00e9gie-industrielle-et-dinnovation-\u00e0-lhorizon-2035-3.jpg\" class=\"slide-link\" data-not-rel=\"true\">\n                            <img decoding=\"async\"  data-id=\"44880\" src=\"https:\/\/www.plumeseconomiques.com\/fr\/wp-content\/uploads\/2019\/09\/Signature-du-contrat-relatif-\u00e0-l\u00e9laboration-de-la-strat\u00e9gie-industrielle-et-dinnovation-\u00e0-lhorizon-2035-3-700x430.jpg\">\n                        <\/a>\n                    <div class=\"slide-title-wrap\"><\/div><\/div><div data-thumb=\"https:\/\/www.plumeseconomiques.com\/fr\/wp-content\/uploads\/2019\/09\/Signature-du-contrat-relatif-\u00e0-l\u00e9laboration-de-la-strat\u00e9gie-industrielle-et-dinnovation-\u00e0-lhorizon-2035-1-150x150.jpg\">\n                        <a href=\"https:\/\/www.plumeseconomiques.com\/fr\/wp-content\/uploads\/2019\/09\/Signature-du-contrat-relatif-\u00e0-l\u00e9laboration-de-la-strat\u00e9gie-industrielle-et-dinnovation-\u00e0-lhorizon-2035-1.jpg\" class=\"slide-link\" data-not-rel=\"true\">\n                            <img decoding=\"async\"  data-id=\"44878\" src=\"https:\/\/www.plumeseconomiques.com\/fr\/wp-content\/uploads\/2019\/09\/Signature-du-contrat-relatif-\u00e0-l\u00e9laboration-de-la-strat\u00e9gie-industrielle-et-dinnovation-\u00e0-lhorizon-2035-1-700x430.jpg\">\n                        <\/a>\n                    <div class=\"slide-title-wrap\"><\/div><\/div><div data-thumb=\"https:\/\/www.plumeseconomiques.com\/fr\/wp-content\/uploads\/2019\/09\/Signature-du-contrat-relatif-\u00e0-l\u00e9laboration-de-la-strat\u00e9gie-industrielle-et-dinnovation-\u00e0-lhorizon-2035--150x150.jpg\">\n                        <a href=\"https:\/\/www.plumeseconomiques.com\/fr\/wp-content\/uploads\/2019\/09\/Signature-du-contrat-relatif-\u00e0-l\u00e9laboration-de-la-strat\u00e9gie-industrielle-et-dinnovation-\u00e0-lhorizon-2035-.jpg\" class=\"slide-link\" data-not-rel=\"true\">\n                            <img decoding=\"async\" alt=\"Signature du contrat relatif \u00e0 l'\u00e9laboration de la strat\u00e9gie industrielle et d'innovation \u00e0 l'horizon 2035\" data-id=\"44877\" src=\"https:\/\/www.plumeseconomiques.com\/fr\/wp-content\/uploads\/2019\/09\/Signature-du-contrat-relatif-\u00e0-l\u00e9laboration-de-la-strat\u00e9gie-industrielle-et-dinnovation-\u00e0-lhorizon-2035--700x430.jpg\">\n                        <\/a>\n                    <div class=\"slide-title-wrap\"><\/div><\/div><\/div><\/div><script>var prt_gal_img_705588371 = [\"https:\\\/\\\/www.plumeseconomiques.com\\\/fr\\\/wp-content\\\/uploads\\\/2019\\\/09\\\/Signature-du-contrat-relatif-\\u00e0-l\\u00e9laboration-de-la-strat\\u00e9gie-industrielle-et-dinnovation-\\u00e0-lhorizon-2035-3.jpg\",\"https:\\\/\\\/www.plumeseconomiques.com\\\/fr\\\/wp-content\\\/uploads\\\/2019\\\/09\\\/Signature-du-contrat-relatif-\\u00e0-l\\u00e9laboration-de-la-strat\\u00e9gie-industrielle-et-dinnovation-\\u00e0-lhorizon-2035-1.jpg\",\"https:\\\/\\\/www.plumeseconomiques.com\\\/fr\\\/wp-content\\\/uploads\\\/2019\\\/09\\\/Signature-du-contrat-relatif-\\u00e0-l\\u00e9laboration-de-la-strat\\u00e9gie-industrielle-et-dinnovation-\\u00e0-lhorizon-2035-.jpg\"]; var prt_gal_cap_705588371 = [\"\",\"\",\"\"]; <\/script><\/div>\n<\/div>\n<\/div>\n<div><strong>Lire aussi:<br>\u200b\u200b<\/strong><\/div>\n<div><strong>\u200b\u200b\u200b\u200b\u200b\u200b\u200b<\/strong><\/div>\n","protected":false},"excerpt":{"rendered":"Signature du contrat relatif \u00e0 l'\u00e9laboration de la strat\u00e9gie industrielle et d'innovation \u00e0 l'horizon 2035 &nbsp; Le minist\u00e8re de l\u2019industrie et des PME et le groupement tuniso-espagnol \u00ab&nbsp;IDOM\/BID Consulting&nbsp;\u00bb, ont sign\u00e9, mercredi \u00e0 Tunis, le contrat relatif \u00e0 l'\u00e9laboration de la strat\u00e9gie industrielle et d'innovation \u00e0 l'horizon 2035.Intervenant &nbsp;lors d\u2019une c\u00e9r\u00e9monie organis\u00e9e, \u00e0 cette occasion, [...]","protected":false},"author":1,"featured_media":44876,"comment_status":"open","ping_status":"open","sticky":false,"template":"","format":"standard","meta":{"_seopress_robots_primary_cat":"","_seopress_titles_title":"","_seopress_titles_desc":"","_seopress_robots_index":"","footnotes":""},"categories":[61],"tags":[],"class_list":{"0":"post-44874","1":"post","2":"type-post","3":"status-publish","4":"format-standard","5":"has-post-thumbnail","7":"category-news"},"_links":{"self":[{"href":"https:\/\/plumeseconomiques.com\/fr\/wp-json\/wp\/v2\/posts\/44874","targetHints":{"allow":["GET"]}}],"collection":[{"href":"https:\/\/plumeseconomiques.com\/fr\/wp-json\/wp\/v2\/posts"}],"about":[{"href":"https:\/\/plumeseconomiques.com\/fr\/wp-json\/wp\/v2\/types\/post"}],"author":[{"embeddable":true,"href":"https:\/\/plumeseconomiques.com\/fr\/wp-json\/wp\/v2\/users\/1"}],"replies":[{"embeddable":true,"href":"https:\/\/plumeseconomiques.com\/fr\/wp-json\/wp\/v2\/comments?post=44874"}],"version-history":[{"count":0,"href":"https:\/\/plumeseconomiques.com\/fr\/wp-json\/wp\/v2\/posts\/44874\/revisions"}],"wp:featuredmedia":[{"embeddable":true,"href":"https:\/\/plumeseconomiques.com\/fr\/wp-json\/wp\/v2\/media\/44876"}],"wp:attachment":[{"href":"https:\/\/plumeseconomiques.com\/fr\/wp-json\/wp\/v2\/media?parent=44874"}],"wp:term":[{"taxonomy":"category","embeddable":true,"href":"https:\/\/plumeseconomiques.com\/fr\/wp-json\/wp\/v2\/categories?post=44874"},{"taxonomy":"post_tag","embeddable":true,"href":"https:\/\/plumeseconomiques.com\/fr\/wp-json\/wp\/v2\/tags?post=44874"}],"curies":[{"name":"wp","href":"https:\/\/api.w.org\/{rel}","templated":true}]}}