{"id":43661,"date":"2019-03-28T22:36:33","date_gmt":"2019-03-28T21:36:33","guid":{"rendered":"https:\/\/www.plumeseconomiques.com\/fr\/?p=43661"},"modified":"2019-03-28T22:36:34","modified_gmt":"2019-03-28T21:36:34","slug":"sanimed-renforce-son-expansion-a-linternational-en-participant-a-la-22eme-edition-du-salon-batimatec-2019-dalger","status":"publish","type":"post","link":"https:\/\/plumeseconomiques.com\/fr\/news\/sanimed-renforce-son-expansion-a-linternational-en-participant-a-la-22eme-edition-du-salon-batimatec-2019-dalger\/","title":{"rendered":"Sanimed renforce son expansion \u00e0 l\u2019international en participant \u00e0 la 22\u00e8me \u00e9dition du Salon Batimatec 2019 d\u2019Alger"},"content":{"rendered":"<h3 style=\"text-align: justify;\"><span style=\"color: #000000;\"><strong>Sanimed renforce son expansion \u00e0 l\u2019international en participant \u00e0 la 22\u00e8me \u00e9dition du Salon Batimatec 2019 d\u2019Alger<\/strong><\/span><\/h3>\n<p style=\"text-align: justify;\"><span style=\"color: #000000;\">La soci\u00e9t\u00e9 Sanimed, op\u00e9rateur de r\u00e9f\u00e9rence dans le domaine de l\u2019industrie des articles\u00a0sanitaires\u00a0en porcelaine vitrifi\u00e9e et gr\u00e8s fin pour les salles de bain et cuisines, ne l\u00e9sine pas sur les moyens pour renforcer sa strat\u00e9gie de d\u00e9veloppement \u00e0 l\u2019international, surtout depuis qu\u2019elle s\u2019est impos\u00e9e comme premier producteur mondiale de receveurs de douche.<\/span><!--more--><\/p>\n<p style=\"text-align: justify;\"><span style=\"color: #000000;\"><a href=\"https:\/\/www.plumeseconomiques.com\/fr\/actualites\/news\/sanimed-renforce-son-expansion-a-linternational-en-participant-a-la-22eme-edition-du-salon-batimatec-2019-dalger\/attachment\/55887898_2015438905424299_5912928669503848448_n\/\" rel=\"attachment wp-att-43665\"><img loading=\"lazy\" decoding=\"async\" class=\"alignnone size-full wp-image-43665\" src=\"https:\/\/www.plumeseconomiques.com\/fr\/wp-content\/uploads\/2019\/03\/55887898_2015438905424299_5912928669503848448_n.jpg\" alt=\"\" width=\"700\" height=\"497\" srcset=\"https:\/\/www.plumeseconomiques.com\/fr\/wp-content\/uploads\/2019\/03\/55887898_2015438905424299_5912928669503848448_n.jpg 700w, https:\/\/www.plumeseconomiques.com\/fr\/wp-content\/uploads\/2019\/03\/55887898_2015438905424299_5912928669503848448_n-300x213.jpg 300w\" sizes=\"auto, (max-width: 700px) 100vw, 700px\" \/><\/a>Apr\u00e8s une participation remarqu\u00e9e au Salon leader mondial du bain de l\u2019ISH de Francfort, \u00a0\u00a0durant lequel Sanimed a \u00e9t\u00e9 la seule repr\u00e9sentante de la Tunisie, cette soci\u00e9t\u00e9 de r\u00e9f\u00e9rence \u00a0continue dans la voie de l\u2019expansion \u00e0 l\u2019international en participant \u00e0 la 22\u00e8me \u00e9dition du Salon international du b\u00e2timent, des mat\u00e9riaux de construction et des travaux publics (<a href=\"http:\/\/www.batimatecexpo.com\/\">Batimatec 2019<\/a>) en Alg\u00e9rie.<\/span><\/p>\n<p style=\"text-align: justify;\"><span style=\"color: #000000;\">Ce Salon qui se tient du 24 au 28 mars en cours au Palais des expositions \u00e0 Alger, est co-organis\u00e9e avec la Soci\u00e9t\u00e9 alg\u00e9rienne des foires et exportations (Safex), \u00a0avec la participation de plus d&rsquo;un millier d&rsquo;exposants dont 400 \u00e9trangers.<\/span><\/p>\n<p style=\"text-align: justify;\"><span style=\"color: #000000;\"><a href=\"https:\/\/www.plumeseconomiques.com\/fr\/actualites\/news\/sanimed-renforce-son-expansion-a-linternational-en-participant-a-la-22eme-edition-du-salon-batimatec-2019-dalger\/attachment\/56242595_394354328014550_376751644987097088_n\/\" rel=\"attachment wp-att-43666\"><img loading=\"lazy\" decoding=\"async\" class=\"alignnone size-full wp-image-43666\" src=\"https:\/\/www.plumeseconomiques.com\/fr\/wp-content\/uploads\/2019\/03\/56242595_394354328014550_376751644987097088_n.jpg\" alt=\"Sanimed renforce son expansion \u00e0 l\u2019international en participant \u00e0 la 22\u00e8me \u00e9dition du Salon Batimatec 2019 d\u2019Alger\" width=\"700\" height=\"784\" srcset=\"https:\/\/www.plumeseconomiques.com\/fr\/wp-content\/uploads\/2019\/03\/56242595_394354328014550_376751644987097088_n.jpg 700w, https:\/\/www.plumeseconomiques.com\/fr\/wp-content\/uploads\/2019\/03\/56242595_394354328014550_376751644987097088_n-268x300.jpg 268w\" sizes=\"auto, (max-width: 700px) 100vw, 700px\" \/><\/a>Durant cette Batimatec qui doit accueillir quelque 200.000 visiteurs est en train de rassembler les professionnels des secteurs de la construction et des travaux publics, \u00e0 travers diverses branches d&rsquo;activit\u00e9s.<\/span><\/p>\n<p style=\"text-align: justify;\"><span style=\"color: #000000;\">Conscient des opportunit\u00e9s et de la multitude d\u2019avantages que peut offrir la participation \u00e0 ce genre de salon de r\u00e9f\u00e9rence pour se faire conna\u00eetre \u00e0 l\u2019international et s\u2019ouvrir aux nouveaux march\u00e9s \u00e0 l\u2019\u00e9tranger, Sanimed \u00a0a conjugu\u00e9 ses efforts pour exposer son savoir-faire de la meilleure des mani\u00e8res.<\/span><\/p>\n<p style=\"text-align: justify;\"><span style=\"color: #000000;\"><a href=\"https:\/\/www.plumeseconomiques.com\/fr\/actualites\/news\/sanimed-renforce-son-expansion-a-linternational-en-participant-a-la-22eme-edition-du-salon-batimatec-2019-dalger\/attachment\/55546989_843825105972749_3354482149527912448_n\/\" rel=\"attachment wp-att-43663\"><img loading=\"lazy\" decoding=\"async\" class=\"alignnone size-full wp-image-43663\" src=\"https:\/\/www.plumeseconomiques.com\/fr\/wp-content\/uploads\/2019\/03\/55546989_843825105972749_3354482149527912448_n.jpg\" alt=\"Sanimed renforce son expansion \u00e0 l\u2019international en participant \u00e0 la 22\u00e8me \u00e9dition du Salon Batimatec 2019 d\u2019Alger\" width=\"700\" height=\"862\" srcset=\"https:\/\/www.plumeseconomiques.com\/fr\/wp-content\/uploads\/2019\/03\/55546989_843825105972749_3354482149527912448_n.jpg 700w, https:\/\/www.plumeseconomiques.com\/fr\/wp-content\/uploads\/2019\/03\/55546989_843825105972749_3354482149527912448_n-244x300.jpg 244w\" sizes=\"auto, (max-width: 700px) 100vw, 700px\" \/><\/a>Dans un stand riche et agr\u00e9ablement am\u00e9nag\u00e9, Sanimed est en train d\u2019exposer tous ses nouveaux produits qui r\u00e9pondent aux normes internationales (en termes de design, de qualit\u00e9 et de valeur) car ils ont \u00e9t\u00e9 con\u00e7us pour r\u00e9pondre aux envies des consommateurs les plus exigeants ainsi qu\u2019aux inspirations des d\u00e9corateurs d\u2019int\u00e9rieur et architectes les plus cr\u00e9atifs.<\/span><\/p>\n<p style=\"text-align: justify;\"><span style=\"color: #000000;\">En mettant en valeur son savoir-faire technologique et commercial dans ce Salon de r\u00e9f\u00e9rence, Sanimed tend \u00e0 s\u00e9duire non seulement les particuliers mais surtout les professionnels afin d\u2019\u00e9tablir de nouveaux contacts, rencontrer de nouveaux partenaires et \u00a0renforcer son r\u00e9seautage et ses connexions.<\/span><\/p>\n<p style=\"text-align: justify;\"><span style=\"color: #000000;\"><a href=\"https:\/\/www.plumeseconomiques.com\/fr\/actualites\/news\/sanimed-renforce-son-expansion-a-linternational-en-participant-a-la-22eme-edition-du-salon-batimatec-2019-dalger\/attachment\/54798713_334406274093114_2402428817881694208_n\/\" rel=\"attachment wp-att-43662\"><img loading=\"lazy\" decoding=\"async\" class=\"alignnone size-full wp-image-43662\" src=\"https:\/\/www.plumeseconomiques.com\/fr\/wp-content\/uploads\/2019\/03\/54798713_334406274093114_2402428817881694208_n.jpg\" alt=\"Sanimed renforce son expansion \u00e0 l\u2019international en participant \u00e0 la 22\u00e8me \u00e9dition du Salon Batimatec 2019 d\u2019Alger\" width=\"700\" height=\"612\" srcset=\"https:\/\/www.plumeseconomiques.com\/fr\/wp-content\/uploads\/2019\/03\/54798713_334406274093114_2402428817881694208_n.jpg 700w, https:\/\/www.plumeseconomiques.com\/fr\/wp-content\/uploads\/2019\/03\/54798713_334406274093114_2402428817881694208_n-300x262.jpg 300w\" sizes=\"auto, (max-width: 700px) 100vw, 700px\" \/><\/a>La soci\u00e9t\u00e9 vise par la m\u00eame occasion \u00e0 accroitre sa notori\u00e9t\u00e9 \u00e0 l\u2019\u00e9chelle internationale et vise \u00e9videment \u00e0 conqu\u00e9rir de nouveaux march\u00e9s.<\/span><\/p>\n","protected":false},"excerpt":{"rendered":"<p>Sanimed renforce son expansion \u00e0 l\u2019international en participant \u00e0 la 22\u00e8me \u00e9dition du Salon Batimatec 2019 d\u2019Alger<\/p>\n","protected":false},"author":1,"featured_media":43664,"comment_status":"open","ping_status":"open","sticky":false,"template":"","format":"standard","meta":{"_seopress_robots_primary_cat":"","_seopress_titles_title":"","_seopress_titles_desc":"","_seopress_robots_index":"","footnotes":""},"categories":[61],"tags":[2676,142,2672,2673,2674,2675,1112],"class_list":{"0":"post-43661","1":"post","2":"type-post","3":"status-publish","4":"format-standard","5":"has-post-thumbnail","7":"category-news","8":"tag-alger","9":"tag-edition","10":"tag-expansion","11":"tag-linternational","12":"tag-participant","13":"tag-salon-batimatec-2019","14":"tag-sanimed"},"_links":{"self":[{"href":"https:\/\/plumeseconomiques.com\/fr\/wp-json\/wp\/v2\/posts\/43661","targetHints":{"allow":["GET"]}}],"collection":[{"href":"https:\/\/plumeseconomiques.com\/fr\/wp-json\/wp\/v2\/posts"}],"about":[{"href":"https:\/\/plumeseconomiques.com\/fr\/wp-json\/wp\/v2\/types\/post"}],"author":[{"embeddable":true,"href":"https:\/\/plumeseconomiques.com\/fr\/wp-json\/wp\/v2\/users\/1"}],"replies":[{"embeddable":true,"href":"https:\/\/plumeseconomiques.com\/fr\/wp-json\/wp\/v2\/comments?post=43661"}],"version-history":[{"count":0,"href":"https:\/\/plumeseconomiques.com\/fr\/wp-json\/wp\/v2\/posts\/43661\/revisions"}],"wp:featuredmedia":[{"embeddable":true,"href":"https:\/\/plumeseconomiques.com\/fr\/wp-json\/wp\/v2\/media\/43664"}],"wp:attachment":[{"href":"https:\/\/plumeseconomiques.com\/fr\/wp-json\/wp\/v2\/media?parent=43661"}],"wp:term":[{"taxonomy":"category","embeddable":true,"href":"https:\/\/plumeseconomiques.com\/fr\/wp-json\/wp\/v2\/categories?post=43661"},{"taxonomy":"post_tag","embeddable":true,"href":"https:\/\/plumeseconomiques.com\/fr\/wp-json\/wp\/v2\/tags?post=43661"}],"curies":[{"name":"wp","href":"https:\/\/api.w.org\/{rel}","templated":true}]}}