{"id":41219,"date":"2018-09-04T16:05:58","date_gmt":"2018-09-04T15:05:58","guid":{"rendered":"https:\/\/www.plumeseconomiques.com\/fr\/?p=41219"},"modified":"2020-06-14T22:41:48","modified_gmt":"2020-06-14T21:41:48","slug":"medrh-levenement-rh-n1-en-mediterranee-et-en-afrique-dans-sa-3eme-edition","status":"publish","type":"post","link":"https:\/\/plumeseconomiques.com\/fr\/communique\/medrh-levenement-rh-n1-en-mediterranee-et-en-afrique-dans-sa-3eme-edition\/","title":{"rendered":"MEDRH : l&rsquo;\u00e9v\u00e8nement RH N\u00b01 en M\u00e9diterran\u00e9e et en Afrique dans sa 3\u00e8me \u00e9dition"},"content":{"rendered":"<h3 style=\"text-align: justify;\"><span style=\"color: #000000;\"><strong>MEDRH : l&rsquo;\u00e9v\u00e8nement RH N\u00b01 en M\u00e9diterran\u00e9e et en Afrique dans sa 3\u00e8me \u00e9dition<\/strong><\/span><\/h3>\n<p style=\"text-align: justify;\"><span style=\"color: #000000;\"><strong>MEDRH<\/strong> \u201cLes Rencontres M\u00e9diterran\u00e9ennes des Ressources Humaines\u201d est une manifestation rassemble un grand nombre de d\u00e9cideurs dont des ministres, des conf\u00e9renciers et des dirigeants, \u00e0 l\u2019\u00e9chelle m\u00e9diterran\u00e9enne et Africaine. Avec un double objectif, <strong>MEDRH<\/strong> pr\u00e9sente, aux d\u00e9cideurs, des solutions pratiques et des r\u00e9ponses concr\u00e8tes aux probl\u00e9matiques de la fonction RH. Organis\u00e9 par la soci\u00e9t\u00e9 Innovation Business Network \u00ab\u00a0IBN\u00a0\u00bb les 09 et 10 Novembre 2018 \u00e0 Hammamet en collaboration avec un comit\u00e9 de professionnels en ressources humaines et en partenariat avec des associations d\u2019acteurs RH dont l\u2019APRH Tunisie et l\u2019AGEF Maroc, l\u2019Institut Tunisien des Etudes Strat\u00e9giques (ITES), le Minist\u00e8re de l\u2019Enseignement Sup\u00e9rieur et de la Recherche Scientifique et l\u2019Institut Arabe des Chefs d\u2019Entreprises (IACE),<\/span><\/p>\n<p style=\"text-align: justify;\"><span style=\"color: #000000;\">Toujours sous l\u2019angle de la <strong>Prospective Strat\u00e9gique<\/strong>, pour tirer vers le haut et pr\u00e9parer l\u2019avenir, tout en gardant un pied sur terre avec des sujets op\u00e9rationnels et pratiques, notre \u00e9quipe de praticiens travaille depuis quelques mois sur un programme diversifi\u00e9, riche en contenu et couronn\u00e9 par l\u2019expertise des conf\u00e9renciers et pan\u00e9listes de renomm\u00e9e internationale et qui sera d\u00e9voil\u00e9 comme chaque ann\u00e9e lors d\u2019une conf\u00e9rence de presse en Septembre !<\/span><\/p>\n<p style=\"text-align: justify;\"><span style=\"color: #000000;\">Les conf\u00e9rences pl\u00e9ni\u00e8res de <strong>MEDRH<\/strong> se tiendront sous le th\u00e8me : \u00ab Impacts des technologies \u00e9mergentes sur les organisations et le management de demain \u00bb<\/span><\/p>\n<p style=\"text-align: justify;\"><span style=\"color: #000000;\"><strong>MEDRH<\/strong> permet \u00e9galement aux parties prenantes de s\u2019informer et d\u2019\u00e9changer gr\u00e2ce \u00e0 son programme de rencontres, qui comprend une panoplie de conf\u00e9rences et d\u2019ateliers de r\u00e9flexion strat\u00e9giques.<\/span><\/p>\n<p style=\"text-align: justify;\"><span style=\"color: #000000;\">Au-del\u00e0 des objectifs li\u00e9s aux attentes des participants, <strong>MEDRH<\/strong> se veut \u00eatre un levier pour instaurer une nouvelle strat\u00e9gie d\u2019emploi dans les pays de la m\u00e9diterran\u00e9e et de d\u00e9mocratiser le secteur du Management des Ressources Humaines au sein des institutions \u00e9tatiques en particulier, et priv\u00e9es en g\u00e9n\u00e9ral.<\/span><\/p>\n<p style=\"text-align: justify;\"><span style=\"color: #000000;\">Deux jours d\u2019e\u0301changes intenses sur les proble\u0301matiques de chaque entreprise, et une multitude de solutions propose\u0301s, c\u2019est un v\u00e9ritable ressourcement.<\/span><\/p>\n<p style=\"text-align: justify;\"><span style=\"color: #000000;\"><strong>Au programme de la 3<sup>\u00e8me<\/sup> \u00e9dition du MEDRH <\/strong><\/span><\/p>\n<ul style=\"text-align: justify;\">\n<li><span style=\"color: #000000;\"><em>la premi\u00e8re journ\u00e9e \u00e0 des th\u00e8mes pratiques avec des \u00e9changes d\u2019exp\u00e9riences et des t\u00e9moignages de qualit\u00e9, plusieurs Guest speakers internationaux sont au programme.<\/em><\/span><\/li>\n<li><span style=\"color: #000000;\"><em>\u00a0le d\u00e9bat aux dirigeants lors de la deuxi\u00e8me journ\u00e9e pour cr\u00e9er le lien et contribuer \u00e0 am\u00e9liorer la position de la fonction RH au sein des entreprises.<\/em><\/span><\/li>\n<li><span style=\"color: #000000;\"><em>Quatre ateliers strat\u00e9giques seront anim\u00e9s par des prospectivistes de l\u2019ITES avec des th\u00e9matiques avant-gardistes sur les questions \u00e0 se poser sur les 20 prochaines ann\u00e9es.<\/em><\/span><\/li>\n<li><span style=\"color: #000000;\"><em>Le D\u00eener Gala \u00e0 la fin de la premi\u00e8re journ\u00e9e, un moment convivial attendu par tous pour une coh\u00e9sion d\u2019\u00e9quipe et des liens personnels forts.<\/em><\/span><\/li>\n<\/ul>\n<p style=\"text-align: justify;\"><span style=\"color: #000000;\">Toutes les informations, bulletin de participation ainsi que les photos et les vid\u00e9os des \u00e9ditions pr\u00e9c\u00e9dentes sont disponibles sur <a style=\"color: #000000;\" href=\"http:\/\/www.medrh.com\/\">www.medrh.com<\/a><\/span><\/p>\n","protected":false},"excerpt":{"rendered":"<p>MEDRH : l&rsquo;\u00e9v\u00e8nement RH N\u00b01 en M\u00e9diterran\u00e9e et en Afrique dans sa 3\u00e8me \u00e9dition<\/p>\n","protected":false},"author":1,"featured_media":41220,"comment_status":"open","ping_status":"open","sticky":false,"template":"","format":"standard","meta":{"_seopress_robots_primary_cat":"","_seopress_titles_title":"","_seopress_titles_desc":"","_seopress_robots_index":"","footnotes":""},"categories":[62],"tags":[145,142,1502,1503,1501],"class_list":{"0":"post-41219","1":"post","2":"type-post","3":"status-publish","4":"format-standard","5":"has-post-thumbnail","7":"category-communique","8":"tag-afrique","9":"tag-edition","10":"tag-levenement","11":"tag-mediterranee","12":"tag-medrh"},"_links":{"self":[{"href":"https:\/\/plumeseconomiques.com\/fr\/wp-json\/wp\/v2\/posts\/41219","targetHints":{"allow":["GET"]}}],"collection":[{"href":"https:\/\/plumeseconomiques.com\/fr\/wp-json\/wp\/v2\/posts"}],"about":[{"href":"https:\/\/plumeseconomiques.com\/fr\/wp-json\/wp\/v2\/types\/post"}],"author":[{"embeddable":true,"href":"https:\/\/plumeseconomiques.com\/fr\/wp-json\/wp\/v2\/users\/1"}],"replies":[{"embeddable":true,"href":"https:\/\/plumeseconomiques.com\/fr\/wp-json\/wp\/v2\/comments?post=41219"}],"version-history":[{"count":0,"href":"https:\/\/plumeseconomiques.com\/fr\/wp-json\/wp\/v2\/posts\/41219\/revisions"}],"wp:featuredmedia":[{"embeddable":true,"href":"https:\/\/plumeseconomiques.com\/fr\/wp-json\/wp\/v2\/media\/41220"}],"wp:attachment":[{"href":"https:\/\/plumeseconomiques.com\/fr\/wp-json\/wp\/v2\/media?parent=41219"}],"wp:term":[{"taxonomy":"category","embeddable":true,"href":"https:\/\/plumeseconomiques.com\/fr\/wp-json\/wp\/v2\/categories?post=41219"},{"taxonomy":"post_tag","embeddable":true,"href":"https:\/\/plumeseconomiques.com\/fr\/wp-json\/wp\/v2\/tags?post=41219"}],"curies":[{"name":"wp","href":"https:\/\/api.w.org\/{rel}","templated":true}]}}