{"id":40428,"date":"2018-06-07T14:52:27","date_gmt":"2018-06-07T13:52:27","guid":{"rendered":"https:\/\/www.plumeseconomiques.com\/fr\/?p=40428"},"modified":"2020-06-12T19:33:05","modified_gmt":"2020-06-12T18:33:05","slug":"lavion-tunisair-pour-la-coupe-du-monde-est-une-oeuvre-dart","status":"publish","type":"post","link":"https:\/\/plumeseconomiques.com\/fr\/en-deux-mots\/lavion-tunisair-pour-la-coupe-du-monde-est-une-oeuvre-dart\/","title":{"rendered":"L\u2019avion TUNISAIR pour la Coupe du monde est une \u0153uvre d&rsquo;art"},"content":{"rendered":"<p style=\"text-align: justify;\"><strong>L\u2019avion TUNISAIR pour la Coupe du monde est une \u0153uvre d&rsquo;art<\/strong><\/p>\n<p style=\"text-align: justify;\">La Compagnie A\u00e9rienne Nationale, TUNISAIR, cr\u00e9\u00e9e un chef d\u2019\u0153uvre de son avion Airbus A320 afin d\u2019accompagner l\u2019\u00e9quipe nationale en Russie.<br \/>\nD\u00e9couvrez <a title=\"Airbus\" href=\"http:\/\/www.airbus.com\">L\u2019Airbus<\/a> A320 de_TUNISAIR, qui va transporter l\u2019\u00e9quipe Nationale pendant la Coupe du Monde 2018 en RUSSIE, aujourd\u2019hui le 07 Juin 2018.<\/p>\n<div class=\"better-gallery-container\"><div id=\"gallery-2134494172\" class=\"better-gallery  better-gallery-img-publisher-lg\" data-gallery-id=\"2134494172\"> <div class=\"fotorama\" data-nav=\"thumbs\" data-auto=\"false\" data-ratio=\"16\/7\"><div data-thumb=\"https:\/\/www.plumeseconomiques.com\/fr\/wp-content\/uploads\/2018\/06\/Tunisair-A320-coupe-de-monde2018-7-150x150.jpg\">\n                        <a href=\"https:\/\/www.plumeseconomiques.com\/fr\/wp-content\/uploads\/2018\/06\/Tunisair-A320-coupe-de-monde2018-7.jpg\" class=\"slide-link\" data-not-rel=\"true\">\n                            <img decoding=\"async\"  data-id=\"40436\" src=\"https:\/\/www.plumeseconomiques.com\/fr\/wp-content\/uploads\/2018\/06\/Tunisair-A320-coupe-de-monde2018-7-650x430.jpg\">\n                        <\/a>\n                    <div class=\"slide-title-wrap\"><\/div><\/div><div data-thumb=\"https:\/\/www.plumeseconomiques.com\/fr\/wp-content\/uploads\/2018\/06\/Tunisair-A320-coupe-de-monde2018-6-150x150.jpg\">\n                        <a href=\"https:\/\/www.plumeseconomiques.com\/fr\/wp-content\/uploads\/2018\/06\/Tunisair-A320-coupe-de-monde2018-6.jpg\" class=\"slide-link\" data-not-rel=\"true\">\n                            <img decoding=\"async\"  data-id=\"40435\" src=\"https:\/\/www.plumeseconomiques.com\/fr\/wp-content\/uploads\/2018\/06\/Tunisair-A320-coupe-de-monde2018-6-650x430.jpg\">\n                        <\/a>\n                    <div class=\"slide-title-wrap\"><\/div><\/div><div data-thumb=\"https:\/\/www.plumeseconomiques.com\/fr\/wp-content\/uploads\/2018\/06\/Tunisair-A320-coupe-de-monde2018-5-150x150.jpg\">\n                        <a href=\"https:\/\/www.plumeseconomiques.com\/fr\/wp-content\/uploads\/2018\/06\/Tunisair-A320-coupe-de-monde2018-5.jpg\" class=\"slide-link\" data-not-rel=\"true\">\n                            <img decoding=\"async\"  data-id=\"40434\" src=\"https:\/\/www.plumeseconomiques.com\/fr\/wp-content\/uploads\/2018\/06\/Tunisair-A320-coupe-de-monde2018-5-650x430.jpg\">\n                        <\/a>\n                    <div class=\"slide-title-wrap\"><\/div><\/div><div data-thumb=\"https:\/\/www.plumeseconomiques.com\/fr\/wp-content\/uploads\/2018\/06\/Tunisair-A320-coupe-de-monde2018-4-150x150.jpg\">\n                        <a href=\"https:\/\/www.plumeseconomiques.com\/fr\/wp-content\/uploads\/2018\/06\/Tunisair-A320-coupe-de-monde2018-4.jpg\" class=\"slide-link\" data-not-rel=\"true\">\n                            <img decoding=\"async\"  data-id=\"40433\" src=\"https:\/\/www.plumeseconomiques.com\/fr\/wp-content\/uploads\/2018\/06\/Tunisair-A320-coupe-de-monde2018-4-650x430.jpg\">\n                        <\/a>\n                    <div class=\"slide-title-wrap\"><\/div><\/div><div data-thumb=\"https:\/\/www.plumeseconomiques.com\/fr\/wp-content\/uploads\/2018\/06\/Tunisair-A320-coupe-de-monde2018-3-150x150.jpg\">\n                        <a href=\"https:\/\/www.plumeseconomiques.com\/fr\/wp-content\/uploads\/2018\/06\/Tunisair-A320-coupe-de-monde2018-3.jpg\" class=\"slide-link\" data-not-rel=\"true\">\n                            <img decoding=\"async\"  data-id=\"40432\" src=\"https:\/\/www.plumeseconomiques.com\/fr\/wp-content\/uploads\/2018\/06\/Tunisair-A320-coupe-de-monde2018-3-650x430.jpg\">\n                        <\/a>\n                    <div class=\"slide-title-wrap\"><\/div><\/div><div data-thumb=\"https:\/\/www.plumeseconomiques.com\/fr\/wp-content\/uploads\/2018\/06\/Tunisair-A320-coupe-de-monde2018-2-150x150.jpg\">\n                        <a href=\"https:\/\/www.plumeseconomiques.com\/fr\/wp-content\/uploads\/2018\/06\/Tunisair-A320-coupe-de-monde2018-2.jpg\" class=\"slide-link\" data-not-rel=\"true\">\n                            <img decoding=\"async\"  data-id=\"40431\" src=\"https:\/\/www.plumeseconomiques.com\/fr\/wp-content\/uploads\/2018\/06\/Tunisair-A320-coupe-de-monde2018-2-650x430.jpg\">\n                        <\/a>\n                    <div class=\"slide-title-wrap\"><\/div><\/div><div data-thumb=\"https:\/\/www.plumeseconomiques.com\/fr\/wp-content\/uploads\/2018\/06\/Tunisair-A320-coupe-de-monde2018-150x150.jpg\">\n                        <a href=\"https:\/\/www.plumeseconomiques.com\/fr\/wp-content\/uploads\/2018\/06\/Tunisair-A320-coupe-de-monde2018.jpg\" class=\"slide-link\" data-not-rel=\"true\">\n                            <img decoding=\"async\"  data-id=\"40429\" src=\"https:\/\/www.plumeseconomiques.com\/fr\/wp-content\/uploads\/2018\/06\/Tunisair-A320-coupe-de-monde2018-650x430.jpg\">\n                        <\/a>\n                    <div class=\"slide-title-wrap\"><\/div><\/div><\/div><div class=\"gallery-title clearfix\">    <span class=\"prev\"><i class=\"fa fa-angle-left\"><\/i> pr\u00e9c\u00e9dent<\/span>\n                    <span class=\"count\"><i class=\"current\">1<\/i> De <i class=\"total\">7<\/i><\/span>\n                    <span class=\"next\">Suivant <i class=\"fa fa-angle-right\"><\/i><\/span>\n                <\/div><\/div><script>var prt_gal_img_2134494172 = [\"https:\\\/\\\/www.plumeseconomiques.com\\\/fr\\\/wp-content\\\/uploads\\\/2018\\\/06\\\/Tunisair-A320-coupe-de-monde2018-7.jpg\",\"https:\\\/\\\/www.plumeseconomiques.com\\\/fr\\\/wp-content\\\/uploads\\\/2018\\\/06\\\/Tunisair-A320-coupe-de-monde2018-6.jpg\",\"https:\\\/\\\/www.plumeseconomiques.com\\\/fr\\\/wp-content\\\/uploads\\\/2018\\\/06\\\/Tunisair-A320-coupe-de-monde2018-5.jpg\",\"https:\\\/\\\/www.plumeseconomiques.com\\\/fr\\\/wp-content\\\/uploads\\\/2018\\\/06\\\/Tunisair-A320-coupe-de-monde2018-4.jpg\",\"https:\\\/\\\/www.plumeseconomiques.com\\\/fr\\\/wp-content\\\/uploads\\\/2018\\\/06\\\/Tunisair-A320-coupe-de-monde2018-3.jpg\",\"https:\\\/\\\/www.plumeseconomiques.com\\\/fr\\\/wp-content\\\/uploads\\\/2018\\\/06\\\/Tunisair-A320-coupe-de-monde2018-2.jpg\",\"https:\\\/\\\/www.plumeseconomiques.com\\\/fr\\\/wp-content\\\/uploads\\\/2018\\\/06\\\/Tunisair-A320-coupe-de-monde2018.jpg\"]; var prt_gal_cap_2134494172 = [\"\",\"\",\"\",\"\",\"\",\"\",\"\"]; <\/script><\/div>\n<p><strong>lire aussi :\u00a0<\/strong><\/p>\n<article class=\"post-47811 type-post format-standard has-post-thumbnail   listing-item listing-item-thumbnail listing-item-tb-1 main-term-61\">\n<div class=\"item-inner clearfix\">\n<h5 class=\"title\"><a class=\"post-url post-title\" href=\"https:\/\/www.plumeseconomiques.com\/fr\/actualites\/news\/tunisair-les-rapatries-devront-presenter-le-voucher-de-leur-hotel-avant-tout-enregistrement\/\"><span style=\"color: #3366ff;\">Tunisair_: les rapatri\u00e9s devront pr\u00e9senter le voucher de leur\u2026<\/span><\/a><\/h5>\n<\/div>\n<\/article>\n<article class=\"post-47596 type-post format-standard has-post-thumbnail   listing-item listing-item-thumbnail listing-item-tb-1 main-term-61\">\n<div class=\"item-inner clearfix\">\n<h5 class=\"title\"><span style=\"color: #3366ff;\"><a class=\"post-url post-title\" style=\"color: #3366ff;\" href=\"https:\/\/www.plumeseconomiques.com\/fr\/actualites\/news\/tunisair-baisse-des-revenus-du-transport-de-28-a-fin-mars-2020\/\">Tunisair :\u00a0 baisse des revenus du transport de 28%, \u00e0 fin mars\u2026<\/a><\/span><\/h5>\n<\/div>\n<\/article>\n<article class=\"post-47506 type-post format-standard has-post-thumbnail   listing-item listing-item-thumbnail listing-item-tb-1 main-term-61\">\n<div class=\"item-inner clearfix\">\n<h5 class=\"title\"><span style=\"color: #3366ff;\"><a class=\"post-url post-title\" style=\"color: #3366ff;\" href=\"https:\/\/www.plumeseconomiques.com\/fr\/actualites\/news\/tunisair-nouvelles-mesures-pou-les-billets-emis-sur-des-vols-annules-a-cause-du-covid-19\/\">Tunisair_: Nouvelles mesures pou les billets \u00e9mis sur des vols\u2026<\/a><\/span><\/h5>\n<\/div>\n<\/article>\n<article class=\"post-47495 type-post format-standard has-post-thumbnail   listing-item listing-item-thumbnail listing-item-tb-1 main-term-61\">\n<div class=\"item-inner clearfix\">\n<h5 class=\"title\"><span style=\"color: #3366ff;\"><a class=\"post-url post-title\" style=\"color: #3366ff;\" href=\"https:\/\/www.plumeseconomiques.com\/fr\/actualites\/news\/tunisair-express-autorisee-a-effectuer-un-vol-de-rapatriement-sur-malte\/\">Tunisair_Express autoris\u00e9e \u00e0 effectuer un vol de rapatriement\u2026<\/a><\/span><\/h5>\n<\/div>\n<\/article>\n<article class=\"post-46544 type-post format-standard has-post-thumbnail   listing-item listing-item-thumbnail listing-item-tb-1 main-term-79\">\n<div class=\"item-inner clearfix\">\n<h5 class=\"title\"><span style=\"color: #3366ff;\"><a class=\"post-url post-title\" style=\"color: #3366ff;\" href=\"https:\/\/www.plumeseconomiques.com\/fr\/actualites\/oops\/le-groupe-tunisair-devrait-supprimer-61-de-ses-effectifs-pour-retablir-son-equilibre-financier\/\">Le groupe_Tunisair devrait supprimer 61 % de ses effectifs pour\u2026<\/a><\/span><\/h5>\n<\/div>\n<\/article>\n<article class=\"post-46326 type-post format-standard has-post-thumbnail   listing-item listing-item-thumbnail listing-item-tb-1 main-term-61\">\n<div class=\"item-inner clearfix\">\n<h5 class=\"title\"><span style=\"color: #3366ff;\"><a class=\"post-url post-title\" style=\"color: #3366ff;\" href=\"https:\/\/www.plumeseconomiques.com\/fr\/actualites\/news\/tunisair-croissance-de-171-du-nombre-des-voyageurs-en-2017\/\">TUNISAIR_: croissance de 17,1% du nombre des voyageurs en 2017<\/a><\/span><\/h5>\n<article class=\"post-40428 type-post format-standard has-post-thumbnail   listing-item listing-item-thumbnail listing-item-tb-1 main-term-63\">\n<div class=\"item-inner clearfix\">\n<h5 class=\"title\"><a class=\"post-url post-title\" href=\"https:\/\/www.plumeseconomiques.com\/fr\/actualites\/en-deux-mots\/lavion-tunisair-pour-la-coupe-du-monde-est-une-oeuvre-dart\/\">L\u2019avion TUNISAIR_pour la Coupe du monde est une \u0153uvre\u2026<\/a><\/h5>\n<\/div>\n<\/article>\n<article class=\"post-31433 type-post format-standard has-post-thumbnail   listing-item listing-item-thumbnail listing-item-tb-1 main-term-61\">\n<div class=\"item-inner clearfix\">\n<h5 class=\"title\"><a class=\"post-url post-title\" href=\"https:\/\/www.plumeseconomiques.com\/fr\/actualites\/news\/TUNISAIR-et-Attijari-bank-signent-un-contrat-de-financement-du-programme-de-renovation-des-reacteurs-d-avions\/\">TUNISAIR_et Attijari bank signent un contrat de financement du\u2026<\/a><\/h5>\n<\/div>\n<\/article>\n<article class=\"post-30534 type-post format-standard has-post-thumbnail   listing-item listing-item-thumbnail listing-item-tb-1 main-term-82\">\n<div class=\"item-inner clearfix\">\n<h5 class=\"title\"><span style=\"color: #3366ff;\"><a class=\"post-url post-title\" style=\"color: #3366ff;\" href=\"https:\/\/www.plumeseconomiques.com\/fr\/actualites\/a-la-une\/Tunisair-deux-avions-presidentiels-destines-a-la-vente-d-une-VNC-de-190641KDT\/\">Tunisair_: deux avions pr\u00e9sidentiels destin\u00e9s \u00e0 la vente d\u2019une\u2026<\/a><\/span><\/h5>\n<\/div>\n<\/article>\n<article class=\"post-32123 type-post format-standard has-post-thumbnail   listing-item listing-item-thumbnail listing-item-tb-1 main-term-61\">\n<div class=\"item-inner clearfix\">\n<h5 class=\"title\"><span style=\"color: #3366ff;\"><a class=\"post-url post-title\" style=\"color: #3366ff;\" href=\"https:\/\/www.plumeseconomiques.com\/fr\/actualites\/news\/Sarah-Rejeb-TUNISAIR-negocie-avec-Airbus-pour-recevoir-5-avions-avant-l-annee-2020\/\">Sarah Rejeb : TUNISAIR_n\u00e9gocie avec Airbus pour recevoir 5\u2026<\/a><\/span><\/h5>\n<\/div>\n<\/article>\n<article class=\"post-44799 type-post format-standard has-post-thumbnail   listing-item listing-item-thumbnail listing-item-tb-1 main-term-63\">\n<div class=\"item-inner clearfix\">\n<h5 class=\"title\"><span style=\"color: #3366ff;\"><a class=\"post-url post-title\" style=\"color: #3366ff;\" href=\"https:\/\/www.plumeseconomiques.com\/fr\/actualites\/en-deux-mots\/tunisair-express-renouvelle-sa-flotte-avec-les-turbopropulseurs-de-derniere-generation\/\">Tunisair_Express renouvelle sa flotte avec les turbopropulseurs\u2026<\/a><\/span><\/h5>\n<\/div>\n<\/article>\n<article class=\"post-43449 type-post format-standard has-post-thumbnail   listing-item listing-item-thumbnail listing-item-tb-1 main-term-74\">\n<div class=\"item-inner clearfix\">\n<h5 class=\"title\"><span style=\"color: #3366ff;\"><a class=\"post-url post-title\" style=\"color: #3366ff;\" href=\"https:\/\/www.plumeseconomiques.com\/fr\/magazine\/sous-le-zoom\/fth-ftav-un-cri-dalarme-pour-les-defaillances-de-tunisair-et-tunisair-express\/\">FTH-FTAV : un cri d\u2019alarme pour les d\u00e9faillances de Tunisair et\u2026<\/a><\/span><\/h5>\n<article class=\"post-45445 type-post format-standard has-post-thumbnail   listing-item listing-item-thumbnail listing-item-tb-1 main-term-61\">\n<div class=\"item-inner clearfix\">\n<h5 class=\"title\"><span style=\"color: #3366ff;\"><a class=\"post-url post-title\" style=\"color: #3366ff;\" href=\"https:\/\/www.plumeseconomiques.com\/fr\/actualites\/news\/airbus-lancera-un-centre-de-formation-de-pilotes-en-tunisie\/\">Airbus lancera un centre de formation de pilotes en Tunisie<\/a><\/span><\/h5>\n<\/div>\n<\/article>\n<article class=\"post-43596 type-post format-standard has-post-thumbnail   listing-item listing-item-thumbnail listing-item-tb-1 main-term-62\">\n<div class=\"item-inner clearfix\">\n<h5 class=\"title\"><span style=\"color: #3366ff;\"><a class=\"post-url post-title\" style=\"color: #3366ff;\" href=\"https:\/\/www.plumeseconomiques.com\/fr\/actualites\/communique\/airbus-et-china-aviation-supplies-holding-company-ont-signe-un-accord-general-pour-lacquisition-de-300-appareils-airbus\/\">Airbus et China Aviation Supplies Holding Company ont sign\u00e9 un\u2026<\/a><\/span><\/h5>\n<\/div>\n<\/article>\n<article class=\"post-42464 type-post format-standard has-post-thumbnail   listing-item listing-item-thumbnail listing-item-tb-1 main-term-62\">\n<div class=\"item-inner clearfix\">\n<h5 class=\"title\"><span style=\"color: #3366ff;\"><a class=\"post-url post-title\" style=\"color: #3366ff;\" href=\"https:\/\/www.plumeseconomiques.com\/fr\/actualites\/communique\/airbus-affiche-un-nouveau-record-de-livraison-davions-commerciaux-en-2018\/\">Airbus affiche un nouveau record de livraison d\u2019avions\u2026<\/a><\/span><\/h5>\n<\/div>\n<\/article>\n<article class=\"post-42172 type-post format-standard has-post-thumbnail   listing-item listing-item-thumbnail listing-item-tb-1 main-term-61\">\n<div class=\"item-inner clearfix\">\n<h5 class=\"title\"><span style=\"color: #3366ff;\"><a class=\"post-url post-title\" style=\"color: #3366ff;\" href=\"https:\/\/www.plumeseconomiques.com\/fr\/actualites\/news\/tunisair-va-realiser-une-operation-de-cession-bail-de-5-airbus-a320-neo\/\">Tunisair va r\u00e9aliser une op\u00e9ration de cession-bail de 5 Airbus\u2026<\/a><\/span><\/h5>\n<\/div>\n<\/article>\n<article class=\"post-41983 type-post format-standard has-post-thumbnail   listing-item listing-item-thumbnail listing-item-tb-1 main-term-61\">\n<div class=\"item-inner clearfix\">\n<h5 class=\"title\"><span style=\"color: #3366ff;\"><a class=\"post-url post-title\" style=\"color: #3366ff;\" href=\"https:\/\/www.plumeseconomiques.com\/fr\/actualites\/news\/airbus-le-premier-a330-800-decolle-pour-son-vol-inaugural\/\">Airbus : Le premier A330-800 d\u00e9colle pour son vol inaugural<\/a><\/span><\/h5>\n<\/div>\n<\/article>\n<article class=\"post-41935 type-post format-standard has-post-thumbnail   listing-item listing-item-thumbnail listing-item-tb-1 main-term-62\">\n<div class=\"item-inner clearfix\">\n<h5 class=\"title\"><span style=\"color: #3366ff;\"><a class=\"post-url post-title\" style=\"color: #3366ff;\" href=\"https:\/\/www.plumeseconomiques.com\/fr\/actualites\/communique\/airbus-publie-un-rapport-important-sur-limpact-et-lavenir-des-technologies-aeronautiques-et-spatiales-en-afrique\/\">Airbus publie un rapport important sur l\u2019impact et\u2026<\/a><\/span><\/h5>\n<\/div>\n<\/article>\n<\/div>\n<\/article>\n<\/div>\n<\/article>\n","protected":false},"excerpt":{"rendered":"<p>L\u2019avion TUNISAIR pour la Coupe du monde est une \u0153uvre d&rsquo;art<\/p>\n","protected":false},"author":1,"featured_media":40430,"comment_status":"open","ping_status":"open","sticky":false,"template":"","format":"standard","meta":{"_seopress_titles_title":"Tunisair %%title%% %%page%% %%sep%%","_seopress_titles_desc":"La Compagnie A\u00e9rienne Nationale, TUNISAIR, cr\u00e9\u00e9e un chef d\u2019\u0153uvre de son avion Airbus A320 afin d\u2019accompagner l\u2019\u00e9quipe nationale en Russie.D\u00e9couvrez L\u2019Airbus","_seopress_robots_index":"","_seopress_robots_follow":"","_seopress_robots_imageindex":"","_seopress_robots_snippet":"","_seopress_robots_primary_cat":"","_seopress_robots_breadcrumbs":"","_seopress_robots_freeze_modified_date":"","_seopress_robots_custom_modified_date":"","_seopress_robots_canonical":"","_seopress_social_fb_title":"L\u2019avion TUNISAIR pour la Coupe du monde est une \u0153uvre d&#039;art","_seopress_social_fb_desc":"La Compagnie A\u00e9rienne Nationale, TUNISAIR, cr\u00e9\u00e9e un chef d\u2019\u0153uvre de son avion Airbus A320 afin d\u2019accompagner l\u2019\u00e9quipe nationale en Russie. D\u00e9couvrez L\u2019Airbus A320 de TUNISAIR, qui va transporter l\u2019\u00e9quipe Nationale pendant la Coupe du Monde 2018 en RUSSIE, aujourd\u2019hui le 07 Juin 2018.","_seopress_social_fb_img":"","_seopress_social_fb_img_attachment_id":0,"_seopress_social_fb_img_width":0,"_seopress_social_fb_img_height":0,"_seopress_social_twitter_title":"L\u2019avion TUNISAIR pour la Coupe du monde est une \u0153uvre d&#039;art","_seopress_social_twitter_desc":"La Compagnie A\u00e9rienne Nationale, TUNISAIR, cr\u00e9\u00e9e un chef d\u2019\u0153uvre de son avion Airbus A320 afin d\u2019accompagner l\u2019\u00e9quipe nationale en Russie. D\u00e9couvrez L\u2019Airbus A320 de TUNISAIR, qui va transporter l\u2019\u00e9quipe Nationale pendant la Coupe du Monde 2018 en RUSSIE, aujourd\u2019hui le 07 Juin 2018.","_seopress_social_twitter_img":"","_seopress_social_twitter_img_attachment_id":0,"_seopress_social_twitter_img_width":0,"_seopress_social_twitter_img_height":0,"_seopress_redirections_value":"","_seopress_redirections_enabled":"","_seopress_redirections_enabled_regex":"","_seopress_redirections_logged_status":"","_seopress_redirections_param":"","_seopress_redirections_type":0,"_seopress_analysis_target_kw":"TUNISAIR","footnotes":""},"categories":[63],"tags":[358,684,766,209,679,683,710],"class_list":["post-40428","post","type-post","status-publish","format-standard","has-post-thumbnail","category-en-deux-mots","tag-avion","tag-coupe-du-monde","tag-est-une-oeuvre-dart","tag-football","tag-russie","tag-sport","tag-tunisair"],"_links":{"self":[{"href":"https:\/\/plumeseconomiques.com\/fr\/wp-json\/wp\/v2\/posts\/40428","targetHints":{"allow":["GET"]}}],"collection":[{"href":"https:\/\/plumeseconomiques.com\/fr\/wp-json\/wp\/v2\/posts"}],"about":[{"href":"https:\/\/plumeseconomiques.com\/fr\/wp-json\/wp\/v2\/types\/post"}],"author":[{"embeddable":true,"href":"https:\/\/plumeseconomiques.com\/fr\/wp-json\/wp\/v2\/users\/1"}],"replies":[{"embeddable":true,"href":"https:\/\/plumeseconomiques.com\/fr\/wp-json\/wp\/v2\/comments?post=40428"}],"version-history":[{"count":0,"href":"https:\/\/plumeseconomiques.com\/fr\/wp-json\/wp\/v2\/posts\/40428\/revisions"}],"wp:featuredmedia":[{"embeddable":true,"href":"https:\/\/plumeseconomiques.com\/fr\/wp-json\/wp\/v2\/media\/40430"}],"wp:attachment":[{"href":"https:\/\/plumeseconomiques.com\/fr\/wp-json\/wp\/v2\/media?parent=40428"}],"wp:term":[{"taxonomy":"category","embeddable":true,"href":"https:\/\/plumeseconomiques.com\/fr\/wp-json\/wp\/v2\/categories?post=40428"},{"taxonomy":"post_tag","embeddable":true,"href":"https:\/\/plumeseconomiques.com\/fr\/wp-json\/wp\/v2\/tags?post=40428"}],"curies":[{"name":"wp","href":"https:\/\/api.w.org\/{rel}","templated":true}]}}