{"id":27133,"date":"2013-03-11T20:57:54","date_gmt":"2013-03-11T20:57:54","guid":{"rendered":""},"modified":"2013-03-11T20:57:54","modified_gmt":"2013-03-11T20:57:54","slug":"Cereales-15-million-de-tonnes-importees","status":"publish","type":"post","link":"https:\/\/plumeseconomiques.com\/fr\/news\/Cereales-15-million-de-tonnes-importees\/","title":{"rendered":"C\u00e9r\u00e9ales: 1,5 million de tonnes import\u00e9es"},"content":{"rendered":"<p style=\"text-align: justify;\"><em><strong><span style=\"font-size: 10pt; font-family: georgia,palatino;\"><span style=\"font-size: 18pt;\"><img loading=\"lazy\" decoding=\"async\" style=\"margin: 2px 10px 5px 2px; float: left;\" alt=\"creal import\" src=\"https:\/\/www.plumeseconomiques.com\/images\/M_images\/Mars-2013\/creal_import.jpg\" height=\"150\" width=\"200\" \/><span style=\"background-color: #993300; color: #ffffff;\">L<\/span><\/span>e directeur de l&rsquo;approvisionnement \u00e0 l&rsquo;Office des C\u00e9r\u00e9ales (OC)<\/span><span style=\"font-size: 10pt; font-family: georgia,palatino;\"> Abdessatar Fehri a soulign\u00e9 que \u00ab\u00a0la Tunisie envisage, en 2013,<\/span><span style=\"font-size: 10pt; font-family: georgia,palatino;\">d&rsquo;importer 1,500 million de tonnes de c\u00e9r\u00e9ales (bl\u00e9 tendre, bl\u00e9 dur et <\/span><span style=\"font-size: 10pt; font-family: georgia,palatino;\">orge)\u00a0\u00bb. Le responsable a indiqu\u00e9 que les <\/span><span style=\"font-size: 10pt; font-family: georgia,palatino;\">op\u00e9rations d&rsquo;importation ont d\u00e9marr\u00e9 depuis janvier dernier.<\/span><\/strong><\/em><\/p>\n<p style=\"text-align: justify;\"><span style=\"font-size: 10pt; font-family: georgia,palatino;\">L&rsquo;office dispose, actuellement, de 190 mille tonnes de bl\u00e9 dur, 200<\/span><span style=\"font-size: 10pt; font-family: georgia,palatino;\">mille tonnes de bl\u00e9 tendre et 130 mille tonnes d&rsquo;orge. <\/span><span style=\"font-size: 10pt; font-family: georgia,palatino;\">Ces quantit\u00e9s couvrent une consommation locale durant deux mois. \u00ab\u00a0La <\/span><span style=\"font-size: 10pt; font-family: georgia,palatino;\">Tunisie importe, chaque ann\u00e9e, pr\u00e8s de 1 million de tonnes de bl\u00e9 tendre <\/span><span style=\"font-size: 10pt; font-family: georgia,palatino;\">pour couvrir le manque de production qui ne d\u00e9passe pas 200 mille <\/span><span style=\"font-size: 10pt; font-family: georgia,palatino;\">tonnes, outre l&rsquo;importation de 30% de bl\u00e9 dur et environ 50% d&rsquo;orge\u00a0\u00bb,<\/span><span style=\"font-size: 10pt; font-family: georgia,palatino;\">a-t-il dit.<\/span><\/p>\n<p style=\"text-align: justify;\"><span style=\"font-size: 10pt; font-family: georgia,palatino;\">Il a relev\u00e9 que \u00ab\u00a0la Tunisie lancera des appels d&rsquo;offres internationaux <\/span><span style=\"font-size: 10pt; font-family: georgia,palatino;\">pour l&rsquo;achat de c\u00e9r\u00e9ales, pr\u00e9voyant le d\u00e9marrage de l&rsquo;importation \u00e0<\/span><span style=\"font-size: 10pt; font-family: georgia,palatino;\">partir des march\u00e9s fran\u00e7ais, espagnol et italien\u00a0\u00bb Pour sa part, le <\/span><span style=\"font-size: 10pt; font-family: georgia,palatino;\">directeur de Distribution \u00e0 l&rsquo;OC Fathi Essid a indiqu\u00e9 que la<\/span><span style=\"font-size: 10pt; font-family: georgia,palatino;\">distribution des c\u00e9r\u00e9ales s&rsquo;effectue \u00e0 un rythme normal.<\/span><\/p>\n<p style=\"text-align: justify;\"><span style=\"font-size: 10pt; font-family: georgia,palatino;\">En effet, 80 mille tonnes de bl\u00e9 dur et 90 mille de bl\u00e9 tendre sont <\/span><span style=\"font-size: 10pt; font-family: georgia,palatino;\">distribu\u00e9s, mensuellement, aux minoteries, outre l&rsquo;\u00e9coulement sur les<\/span><span style=\"font-size: 10pt; font-family: georgia,palatino;\">march\u00e9s de 65 mille tonnes d&rsquo;orge destin\u00e9 \u00e0 l&rsquo;alimentation animale.<\/span><\/p>\n<p style=\"text-align: justify;\"><span style=\"font-size: 10pt; font-family: georgia,palatino;\">Concernant le volume des importations, il a fait remarquer que ce <\/span><span style=\"font-size: 10pt; font-family: georgia,palatino;\">dernier reste tributaire de la r\u00e9colte nationale, d\u00e9but mai prochain,<\/span><span style=\"font-size: 10pt; font-family: georgia,palatino;\">augurant un manque au niveau de l&rsquo;orge \u00e0 cause du d\u00e9ficit pluvial dans <\/span><span style=\"font-size: 10pt; font-family: georgia,palatino;\">les gouvernorats du Centre et Sud.<\/span><\/p>\n<p style=\"text-align: justify;\"><span style=\"font-size: 10pt; font-family: georgia,palatino;\">De son c\u00f4t\u00e9, Tarek Jarrahi, ing\u00e9nieur en chef \u00e0 l&rsquo;Institut National des <\/span><span style=\"font-size: 10pt; font-family: georgia,palatino;\">Grandes Cultures (INGC), a pr\u00e9cis\u00e9 que les premi\u00e8res donn\u00e9es de<\/span><span style=\"font-size: 10pt; font-family: georgia,palatino;\">l&rsquo;institut tablent sur la collecte de 8 millions de quintaux de c\u00e9r\u00e9ales <\/span><span style=\"font-size: 10pt; font-family: georgia,palatino;\">en 2013, contre 10 millions de quintaux en 2012.<\/span><\/p>\n<p style=\"text-align: justify;\"><span style=\"font-size: 10pt; font-family: georgia,palatino;\">D&rsquo;apr\u00e8s lui, l&rsquo;INGC peut \u00e9laborer des pr\u00e9visions quasi d\u00e9finitives pour<\/span><span style=\"font-size: 10pt; font-family: georgia,palatino;\">la r\u00e9colte de 2013 (avril et mai), \u00e0 travers l&rsquo;utilisation de la<\/span><span style=\"font-size: 10pt; font-family: georgia,palatino;\">technique de t\u00e9l\u00e9d\u00e9tection.<\/span><\/p>\n","protected":false},"excerpt":{"rendered":"<p>C\u00e9r\u00e9ales: 1,5 million de tonnes import\u00e9es<\/p>\n","protected":false},"author":1,"featured_media":0,"comment_status":"open","ping_status":"open","sticky":false,"template":"","format":"standard","meta":{"_seopress_robots_primary_cat":"","_seopress_titles_title":"","_seopress_titles_desc":"","_seopress_robots_index":"","footnotes":""},"categories":[61],"tags":[],"class_list":{"0":"post-27133","1":"post","2":"type-post","3":"status-publish","4":"format-standard","6":"category-news"},"_links":{"self":[{"href":"https:\/\/plumeseconomiques.com\/fr\/wp-json\/wp\/v2\/posts\/27133","targetHints":{"allow":["GET"]}}],"collection":[{"href":"https:\/\/plumeseconomiques.com\/fr\/wp-json\/wp\/v2\/posts"}],"about":[{"href":"https:\/\/plumeseconomiques.com\/fr\/wp-json\/wp\/v2\/types\/post"}],"author":[{"embeddable":true,"href":"https:\/\/plumeseconomiques.com\/fr\/wp-json\/wp\/v2\/users\/1"}],"replies":[{"embeddable":true,"href":"https:\/\/plumeseconomiques.com\/fr\/wp-json\/wp\/v2\/comments?post=27133"}],"version-history":[{"count":0,"href":"https:\/\/plumeseconomiques.com\/fr\/wp-json\/wp\/v2\/posts\/27133\/revisions"}],"wp:attachment":[{"href":"https:\/\/plumeseconomiques.com\/fr\/wp-json\/wp\/v2\/media?parent=27133"}],"wp:term":[{"taxonomy":"category","embeddable":true,"href":"https:\/\/plumeseconomiques.com\/fr\/wp-json\/wp\/v2\/categories?post=27133"},{"taxonomy":"post_tag","embeddable":true,"href":"https:\/\/plumeseconomiques.com\/fr\/wp-json\/wp\/v2\/tags?post=27133"}],"curies":[{"name":"wp","href":"https:\/\/api.w.org\/{rel}","templated":true}]}}