{"id":27127,"date":"2013-03-11T16:18:13","date_gmt":"2013-03-11T16:18:13","guid":{"rendered":""},"modified":"2013-03-11T16:18:13","modified_gmt":"2013-03-11T16:18:13","slug":"Tunisie-emploi-2012-plus-de-100-mille-postes-crees","status":"publish","type":"post","link":"https:\/\/plumeseconomiques.com\/fr\/news\/Tunisie-emploi-2012-plus-de-100-mille-postes-crees\/","title":{"rendered":"Tunisie emploi 2012: plus de 100 mille postes cr\u00e9\u00e9s"},"content":{"rendered":"<p style=\"text-align: justify;\"><span style=\"font-size: 10pt;\"><em><strong><span style=\"font-family: georgia,palatino;\"><span style=\"font-size: 18pt;\"><img loading=\"lazy\" decoding=\"async\" style=\"margin: 2px 10px 5px 2px; float: left;\" alt=\"emploi\" src=\"https:\/\/www.plumeseconomiques.com\/images\/M_images\/Mars-2013\/emploi.jpg\" height=\"150\" width=\"200\" \/>P<\/span>our la premi\u00e8re fois en Tunisie, plus de 100 mille emplois ont \u00e9t\u00e9<\/span><span style=\"font-family: georgia,palatino;\">cr\u00e9\u00e9s, en 2012, ce qui a favoris\u00e9 une baisse du taux de ch\u00f4mage de<\/span><span style=\"font-family: georgia,palatino;\">l&rsquo;ordre de 2,2 points, passant de 18,9% en d\u00e9cembre 2011, \u00e0 16,7% <\/span><span style=\"font-family: georgia,palatino;\">actuellement, indique le minist\u00e8re de la formation professionnelle et de <\/span><span style=\"font-family: georgia,palatino;\">l&#8217;emploi en se r\u00e9f\u00e9rant aux chiffres de l&rsquo;Institut national de la <\/span><span style=\"font-family: georgia,palatino;\">statistique.<\/span><\/strong><\/em><\/span><\/p>\n<p style=\"text-align: justify;\"><span style=\"font-size: 10pt; font-family: georgia,palatino;\">Ces r\u00e9sultats sont largement positifs par rapport au bilan de l&rsquo;ann\u00e9e <\/span><span style=\"font-size: 10pt; font-family: georgia,palatino;\">2011 durant laquelle le nombre de demandeurs d&#8217;emploi a augment\u00e9 de 137<\/span><span style=\"font-size: 10pt; font-family: georgia,palatino;\">mille personnes, souligne le minist\u00e8re dans un communiqu\u00e9 rendu public, <\/span><span style=\"font-size: 10pt; font-family: georgia,palatino;\">dimanche.<\/span><\/p>\n<p style=\"text-align: justify;\"><span style=\"font-size: 10pt; font-family: georgia,palatino;\">Avant 2012, le nombre de cr\u00e9ation d&#8217;emplois par an n&rsquo;a jamais d\u00e9pass\u00e9 <\/span><span style=\"font-size: 10pt; font-family: georgia,palatino;\">les 55 mille, rappelle le minist\u00e8re qui se f\u00e9licite des \u00ab performances \u00bb<\/span> <span style=\"font-size: 10pt; font-family: georgia,palatino;\">r\u00e9alis\u00e9es au cours de l&rsquo;ann\u00e9e \u00e9coul\u00e9e r\u00e9futant, ainsi, les critiques de <\/span><span style=\"font-size: 10pt; font-family: georgia,palatino;\">certains politiques relay\u00e9es par les m\u00e9dias.<\/span><\/p>\n","protected":false},"excerpt":{"rendered":"<p>Tunisie emploi 2012: plus de 100 mille postes cr\u00e9\u00e9s<\/p>\n","protected":false},"author":1,"featured_media":0,"comment_status":"open","ping_status":"open","sticky":false,"template":"","format":"standard","meta":{"_seopress_robots_primary_cat":"","_seopress_titles_title":"","_seopress_titles_desc":"","_seopress_robots_index":"","footnotes":""},"categories":[61],"tags":[],"class_list":{"0":"post-27127","1":"post","2":"type-post","3":"status-publish","4":"format-standard","6":"category-news"},"_links":{"self":[{"href":"https:\/\/plumeseconomiques.com\/fr\/wp-json\/wp\/v2\/posts\/27127","targetHints":{"allow":["GET"]}}],"collection":[{"href":"https:\/\/plumeseconomiques.com\/fr\/wp-json\/wp\/v2\/posts"}],"about":[{"href":"https:\/\/plumeseconomiques.com\/fr\/wp-json\/wp\/v2\/types\/post"}],"author":[{"embeddable":true,"href":"https:\/\/plumeseconomiques.com\/fr\/wp-json\/wp\/v2\/users\/1"}],"replies":[{"embeddable":true,"href":"https:\/\/plumeseconomiques.com\/fr\/wp-json\/wp\/v2\/comments?post=27127"}],"version-history":[{"count":0,"href":"https:\/\/plumeseconomiques.com\/fr\/wp-json\/wp\/v2\/posts\/27127\/revisions"}],"wp:attachment":[{"href":"https:\/\/plumeseconomiques.com\/fr\/wp-json\/wp\/v2\/media?parent=27127"}],"wp:term":[{"taxonomy":"category","embeddable":true,"href":"https:\/\/plumeseconomiques.com\/fr\/wp-json\/wp\/v2\/categories?post=27127"},{"taxonomy":"post_tag","embeddable":true,"href":"https:\/\/plumeseconomiques.com\/fr\/wp-json\/wp\/v2\/tags?post=27127"}],"curies":[{"name":"wp","href":"https:\/\/api.w.org\/{rel}","templated":true}]}}